{"id":237,"date":"2022-12-15T15:10:07","date_gmt":"2022-12-15T15:10:07","guid":{"rendered":"https:\/\/baldirivila.com\/?p=237"},"modified":"2024-11-14T15:48:38","modified_gmt":"2024-11-14T15:48:38","slug":"baldiri-vila-proveidor-verdures-mercabarna","status":"publish","type":"post","link":"https:\/\/baldirivila.com\/esp\/baldiri-villa-proveedor-verduras-mercabarna\/","title":{"rendered":"La calidad y variedad en Baldiri Vil\u00e0, proveedor de verduras en Mercabarna"},"content":{"rendered":"<p>[et_pb_section fb_built=&#8221;1&#8243; _builder_version=&#8221;4.17.1&#8243; _module_preset=&#8221;default&#8221; use_background_color_gradient=&#8221;on&#8221; background_color_gradient_stops=&#8221;rgba(255,255,255,0.4) 0%|rgba(255,255,255,0) 20%&#8221; background_color_gradient_overlays_image=&#8221;on&#8221; background_image=&#8221;https:\/\/baldirivila.com\/wp-content\/uploads\/2023\/05\/magrana-oberta-scaled.jpeg&#8221; height=&#8221;103vh&#8221; custom_margin=&#8221;-100px||||false|false&#8221; locked=&#8221;off&#8221; global_colors_info=&#8221;{}&#8221;][et_pb_row make_equal=&#8221;on&#8221; _builder_version=&#8221;4.17.1&#8243; _module_preset=&#8221;default&#8221; max_width=&#8221;1380px&#8221; height=&#8221;100%&#8221; custom_css_main_element=&#8221;display: flex;||flex-direction: column;||justify-content: center;&#8221; global_colors_info=&#8221;{}&#8221;][et_pb_column type=&#8221;4_4&#8243; _builder_version=&#8221;4.17.1&#8243; _module_preset=&#8221;default&#8221; global_colors_info=&#8221;{}&#8221;][et_pb_text _builder_version=&#8221;4.22.1&#8243; _module_preset=&#8221;default&#8221; header_text_color=&#8221;#FFFFFF&#8221; locked=&#8221;off&#8221; global_colors_info=&#8221;{}&#8221;]<\/p>\n<h1 style=\"text-transform: uppercase; font-family: Poppins; font-size: 60px; text-align: left; line-height: 1em; text-shadow: 0px 0px 15px rgba(0,0,0,0.5); font-weight: 400;\">La calidad y variedad en Baldiri Vil\u00e0, proveedor de verduras en Mercabarna<\/h1>\n<p>[\/et_pb_text][\/et_pb_column][\/et_pb_row][\/et_pb_section][et_pb_section fb_built=&#8221;1&#8243; module_id=&#8221;menu&#8221; _builder_version=&#8221;4.27.3&#8243; _module_preset=&#8221;default&#8221; global_colors_info=&#8221;{}&#8221;][et_pb_row _builder_version=&#8221;4.27.3&#8243; _module_preset=&#8221;default&#8221; max_width=&#8221;1300px&#8221; global_colors_info=&#8221;{}&#8221;][et_pb_column type=&#8221;4_4&#8243; _builder_version=&#8221;4.27.2&#8243; _module_preset=&#8221;default&#8221; global_colors_info=&#8221;{}&#8221;][et_pb_toggle title=&#8221;Taula de continguts&#8221; closed_toggle_background_color=&#8221;#fcfcfc&#8221; icon_color=&#8221;#D39C04&#8243; toggle_icon=&#8221;&#x34;||divi||400&#8243; use_icon_font_size=&#8221;on&#8221; icon_font_size=&#8221;30px&#8221; open_icon_color=&#8221;#588157&#8243; open_toggle_icon=&#8221;&#x33;||divi||400&#8243; open_use_icon_font_size=&#8221;on&#8221; open_icon_font_size=&#8221;30px&#8221; _builder_version=&#8221;4.27.3&#8243; _module_preset=&#8221;default&#8221; title_text_color=&#8221;#000000&#8243; title_level=&#8221;h2&#8243; title_font=&#8221;Poppins||||||||&#8221; body_font=&#8221;Poppins||||||||&#8221; body_link_font=&#8221;Poppins||||||||&#8221; body_link_text_color=&#8221;#D39C04&#8243; body_link_font_size=&#8221;18px&#8221; hover_enabled=&#8221;0&#8243; border_width_all=&#8221;0px&#8221; global_colors_info=&#8221;{}&#8221; sticky_enabled=&#8221;0&#8243;]<\/p>\n<ul>\n<li><a href=\"#introduccio\">Introducci\u00f3n<\/a><\/li>\n<li><a href=\"#baldiri-vila\">Baldiri Vil\u00e0: una traject\u00f2ria d\u2019excel\u00b7l\u00e8ncia a Mercabarna<\/a><\/li>\n<li><a href=\"#varietat-verdures\">Amplia variedad de verduras frescas<\/a><\/li>\n<li><a href=\"#compromis-qualitat\">Compromiso con la calidad y la frescura<\/a><\/li>\n<li><a href=\"#servei-logistica\">Servicio al cliente y log\u00edstica eficiente<\/a><\/li>\n<li><a href=\"#conclusio\">Conclusi\u00f3n<\/a><\/li>\n<\/ul>\n<p>[\/et_pb_toggle][\/et_pb_column][\/et_pb_row][\/et_pb_section][et_pb_section fb_built=&#8221;1&#8243; module_id=&#8221;introduccio&#8221; _builder_version=&#8221;4.27.3&#8243; _module_preset=&#8221;default&#8221; global_colors_info=&#8221;{}&#8221;][et_pb_row _builder_version=&#8221;4.21.0&#8243; _module_preset=&#8221;default&#8221; max_width=&#8221;1300px&#8221; global_colors_info=&#8221;{}&#8221;][et_pb_column type=&#8221;4_4&#8243; _builder_version=&#8221;4.21.0&#8243; _module_preset=&#8221;default&#8221; global_colors_info=&#8221;{}&#8221;][et_pb_text _builder_version=&#8221;4.21.0&#8243; _module_preset=&#8221;default&#8221; header_font=&#8221;Poppins||||||||&#8221; header_2_font=&#8221;Dancing Script|500|||||||&#8221; header_2_font_size=&#8221;40px&#8221; locked=&#8221;off&#8221; global_colors_info=&#8221;{}&#8221;]<\/p>\n<h2><span style=\"font-weight: 200; font-family: Poppins; text-transform: uppercase;\">Introducci\u00f3n<\/h2>\n<p>[\/et_pb_text][\/et_pb_column][\/et_pb_row][et_pb_row _builder_version=&#8221;4.21.0&#8243; _module_preset=&#8221;default&#8221; max_width=&#8221;1300px&#8221; global_colors_info=&#8221;{}&#8221;][et_pb_column type=&#8221;4_4&#8243; _builder_version=&#8221;4.21.0&#8243; _module_preset=&#8221;default&#8221; global_colors_info=&#8221;{}&#8221;][et_pb_text _builder_version=&#8221;4.21.0&#8243; _module_preset=&#8221;default&#8221; text_font=&#8221;Poppins|300|||||||&#8221; locked=&#8221;off&#8221; global_colors_info=&#8221;{}&#8221;]<\/p>\n<p><strong>En esta era donde la alimentaci\u00f3n saludable se ha convertido en una prioridad, la importancia de consumir verduras frescas y de calidad es fundamental.<\/strong> En Mercabarna, uno de los principales mercados mayoristas de alimentos en Barcelona, destaca la distribuci\u00f3n de verduras en Mercabarna por parte de Baldiri Vil\u00e0, un destacado proveedor de verduras en Mercabarna. En este art\u00edculo exploraremos la amplia gama de verduras que ofrece Baldiri Vil\u00e0, su compromiso con la calidad y el servicio al cliente, as\u00ed como los beneficios de incorporar estas verduras en nuestra dieta diaria.<\/p>\n<p>[\/et_pb_text][\/et_pb_column][\/et_pb_row][et_pb_row _builder_version=&#8221;4.21.0&#8243; _module_preset=&#8221;default&#8221; global_colors_info=&#8221;{}&#8221;][et_pb_column type=&#8221;4_4&#8243; _builder_version=&#8221;4.21.0&#8243; _module_preset=&#8221;default&#8221; global_colors_info=&#8221;{}&#8221;][et_pb_image src=&#8221;https:\/\/baldirivila.com\/wp-content\/uploads\/2023\/07\/verdures-sanes-scaled.jpeg&#8221; alt=&#8221;Verdures de Baldiri Vil\u00e0&#8221; title_text=&#8221;Verdures de Baldiri Vil\u00e0&#8221; _builder_version=&#8221;4.22.1&#8243; _module_preset=&#8221;default&#8221; width=&#8221;70%&#8221; module_alignment=&#8221;center&#8221; global_colors_info=&#8221;{}&#8221;][\/et_pb_image][\/et_pb_column][\/et_pb_row][\/et_pb_section][et_pb_section fb_built=&#8221;1&#8243; module_id=&#8221;baldiri-vila&#8221; _builder_version=&#8221;4.27.3&#8243; _module_preset=&#8221;default&#8221; global_colors_info=&#8221;{}&#8221;][et_pb_row _builder_version=&#8221;4.21.0&#8243; _module_preset=&#8221;default&#8221; max_width=&#8221;1300px&#8221; global_colors_info=&#8221;{}&#8221;][et_pb_column type=&#8221;4_4&#8243; _builder_version=&#8221;4.21.0&#8243; _module_preset=&#8221;default&#8221; global_colors_info=&#8221;{}&#8221;][et_pb_text _builder_version=&#8221;4.21.0&#8243; _module_preset=&#8221;default&#8221; header_font=&#8221;Poppins||||||||&#8221; header_2_font=&#8221;Dancing Script|500|||||||&#8221; header_2_font_size=&#8221;40px&#8221; locked=&#8221;off&#8221; global_colors_info=&#8221;{}&#8221;]<\/p>\n<h2><span style=\"font-weight: 200; font-family: Poppins; text-transform: uppercase;\">Baldiri Vil\u00e0: una trayectoria de excelencia en Mercabarna<\/span><\/h2>\n<p>[\/et_pb_text][\/et_pb_column][\/et_pb_row][et_pb_row _builder_version=&#8221;4.21.0&#8243; _module_preset=&#8221;default&#8221; max_width=&#8221;1300px&#8221; global_colors_info=&#8221;{}&#8221;][et_pb_column type=&#8221;4_4&#8243; _builder_version=&#8221;4.21.0&#8243; _module_preset=&#8221;default&#8221; global_colors_info=&#8221;{}&#8221;][et_pb_text _builder_version=&#8221;4.21.0&#8243; _module_preset=&#8221;default&#8221; text_font=&#8221;Poppins|300|||||||&#8221; locked=&#8221;off&#8221; global_colors_info=&#8221;{}&#8221;]<\/p>\n<p>Con m\u00e1s de dos d\u00e9cadas de experiencia en el mercado mayorista de alimentos, <strong>Baldiri Vil\u00e0 se ha posicionado como empresa de referencia<\/strong> como proveedor de verduras frescas en Mercabarna, el mayor mercado mayorista de Barcelona. La trayectoria de excelencia y el compromiso con la calidad han sido reconocidos por clientes y proveedores de verduras por igual.<\/p>\n<p>Desde sus inicios, <strong>Baldiri Vil\u00e0 ha mantenido una estrecha relaci\u00f3n con los campesinos locales,<\/strong> trabajando en colaboraci\u00f3n con ellos para garantizar la frescura y calidad de sus productos. Adem\u00e1s, <strong>Baldiri Vil\u00e0 tambi\u00e9n tiene tierras en Gav\u00e0, donde cultivan sus propias verduras.<\/strong> Esta conexi\u00f3n directa con los productores les permite seleccionar cuidadosamente las verduras que ofrecen a sus clientes, asegur\u00e1ndose de que cumplan los m\u00e1s altos est\u00e1ndares de calidad.<\/p>\n<p><strong>La empresa se enorgullece de ofrecer una amplia variedad de verduras frescas<\/strong> que abarcan todas las estaciones del a\u00f1o. Desde crujientes lechugas y espinacas hasta sabrosos tomates y pimientos, Baldiri Vil\u00e0 tiene como objetivo satisfacer las demandas de los minoristas y restaurantes, brind\u00e1ndoles opciones frescas y de calidad en todo momento.<\/p>\n<p>Adem\u00e1s del compromiso con la calidad de sus productos, <strong>Baldiri Vil\u00e0 se destaca por su enfoque en la sostenibilidad y la agricultura responsable.<\/strong> Trabajando en estrecha colaboraci\u00f3n con los agricultores locales, promueven pr\u00e1cticas agr\u00edcolas sostenibles que minimizan el impacto ambiental y garantizan la preservaci\u00f3n de los recursos naturales a largo plazo.<\/p>\n<p><strong>Baldiri Vil\u00e0 ha establecido una red log\u00edstica eficiente y fiable para garantizar que las verduras de Mercabarna lleguen a los destinos finales en \u00f3ptimas condiciones.<\/strong> Utilizan tecnolog\u00eda avanzada y m\u00e9todos de transporte adecuados para preservar la frescura y calidad de los productos durante el proceso de distribuci\u00f3n. Adem\u00e1s, su equipo altamente capacitado se asegura de que los pedidos se preparen y se entreguen de forma eficiente, brindando un servicio al cliente excepcional.<\/p>\n<p>Con una s\u00f3lida reputaci\u00f3n en el mercado, <strong>Baldiri Vil\u00e0 sigue innovando y adapt\u00e1ndose a las necesidades y preferencias cambiantes de sus clientes.<\/strong> Su compromiso con la excelencia, calidad y servicio al cliente los convierte en una opci\u00f3n preferida para aquellos que buscan verduras frescas en Mercabarna y de confianza.<\/p>\n<p>[\/et_pb_text][\/et_pb_column][\/et_pb_row][et_pb_row _builder_version=&#8221;4.21.0&#8243; _module_preset=&#8221;default&#8221; global_colors_info=&#8221;{}&#8221;][et_pb_column type=&#8221;4_4&#8243; _builder_version=&#8221;4.21.0&#8243; _module_preset=&#8221;default&#8221; global_colors_info=&#8221;{}&#8221;][et_pb_image src=&#8221;https:\/\/baldirivila.com\/wp-content\/uploads\/2023\/07\/cultiu-scaled.jpeg&#8221; alt=&#8221;Persona treballant en uns cultius&#8221; title_text=&#8221;Persona treballant en uns cultius&#8221; _builder_version=&#8221;4.22.1&#8243; _module_preset=&#8221;default&#8221; width=&#8221;70%&#8221; module_alignment=&#8221;center&#8221; global_colors_info=&#8221;{}&#8221;][\/et_pb_image][\/et_pb_column][\/et_pb_row][\/et_pb_section][et_pb_section fb_built=&#8221;1&#8243; module_id=&#8221;varietat-verdures&#8221; _builder_version=&#8221;4.27.3&#8243; _module_preset=&#8221;default&#8221; global_colors_info=&#8221;{}&#8221;][et_pb_row _builder_version=&#8221;4.21.0&#8243; _module_preset=&#8221;default&#8221; max_width=&#8221;1300px&#8221; global_colors_info=&#8221;{}&#8221;][et_pb_column type=&#8221;4_4&#8243; _builder_version=&#8221;4.21.0&#8243; _module_preset=&#8221;default&#8221; global_colors_info=&#8221;{}&#8221;][et_pb_text _builder_version=&#8221;4.21.0&#8243; _module_preset=&#8221;default&#8221; header_font=&#8221;Poppins||||||||&#8221; header_2_font=&#8221;Dancing Script|500|||||||&#8221; header_2_font_size=&#8221;40px&#8221; locked=&#8221;off&#8221; global_colors_info=&#8221;{}&#8221;]<\/p>\n<h2><span style=\"font-weight: 200; font-family: Poppins; text-transform: uppercase;\">Amplia variedad de verduras frescas<\/span><\/h2>\n<p>[\/et_pb_text][\/et_pb_column][\/et_pb_row][et_pb_row _builder_version=&#8221;4.21.0&#8243; _module_preset=&#8221;default&#8221; max_width=&#8221;1300px&#8221; global_colors_info=&#8221;{}&#8221;][et_pb_column type=&#8221;4_4&#8243; _builder_version=&#8221;4.21.0&#8243; _module_preset=&#8221;default&#8221; global_colors_info=&#8221;{}&#8221;][et_pb_text _builder_version=&#8221;4.21.0&#8243; _module_preset=&#8221;default&#8221; text_font=&#8221;Poppins|300|||||||&#8221; locked=&#8221;off&#8221; global_colors_info=&#8221;{}&#8221;]<\/p>\n<p>Baldiri Vil\u00e0 se distingue como proveedor de verduras en Mercabarna en <strong>ofrecer a sus clientes una amplia y diversa gama de verduras frescas de la m\u00e1s alta calidad.<\/strong> Su compromiso con la frescura y la variedad se refleja en la cuidada selecci\u00f3n de productos, que abarca desde las verduras m\u00e1s tradicionales hasta las m\u00e1s ex\u00f3ticas y especializadas.<\/p>\n<p>Dentro de la categor\u00eda de hojas verdes, Baldiri Vil\u00e0, proveedor de verduras, <strong>ofrece una selecci\u00f3n incomparable que incluye lechugas de diferentes variedades, como la crujiente lechuga romana, la tierna lechuga de hoja de roble y la refrescante lechuga iceberg.<\/strong> Tambi\u00e9n est\u00e1n presentes las espinacas frescas, conocidas por su alto contenido de nutrientes, y la r\u00facula, que a\u00f1ade un toque picante a las ensaladas y platos.<\/p>\n<p>En cuanto a las ra\u00edces y tub\u00e9rculos, Baldiri Vil\u00e0, proveedor de verduras en Mercabarna, <strong>proporciona zanahorias dulces y jugosas, remolachas de colores vibrantes y patatas de diferentes variedades, desde las cl\u00e1sicas patatas blancas hasta las patatas rojas y las patatas dulces.<\/strong> Estas verduras vers\u00e1tiles pueden ser utilizadas en una amplia variedad de preparaciones culinarias, desde sopas y guisos hasta asados y pur\u00e9s.<\/p>\n<p>Las cruc\u00edferas, conocidas por sus beneficios para la salud, tambi\u00e9n tienen lugar en el cat\u00e1logo de Baldiri Vil\u00e0, proveedor de verduras, en Mercabarna. Aqu\u00ed se encuentran el <strong>br\u00e9col, con el caracter\u00edstico color verde y la textura crujiente, y la coliflor, que se destaca por su suave sabor y su capacidad para adaptarse a diferentes recetas.<\/strong> Estas verduras son ricas en nutrientes esenciales y se consideran excelentes opciones para una alimentaci\u00f3n equilibrada.<\/p>\n<p>Baldiri Vil\u00e0, proveedor de verduras en Mercabarna, <strong>tambi\u00e9n satisface la demanda de solan\u00e1ceas, como los tomates y los pimientos.<\/strong> Los tomates, disponibles en variedades como el jugoso tomate de ensalada, el tomate cherry y el tomate Raf, son ideales para ensaladas, salsas y platos mediterr\u00e1neos. Los pimientos, por su parte, se presentan en una amplia gama de colores y sabores, desde los dulces pimientos rojos hasta los picantes pimientos jalape\u00f1os.<\/p>\n<p>Adem\u00e1s de estas categor\u00edas principales, Baldiri Vil\u00e0, proveedor de verduras, en Mercabarna, <strong>ofrece otras verduras frescas como pepinos, calabacines, cebollas, ajos y m\u00e1s.<\/strong> Su objetivo es satisfacer las necesidades y preferencias de sus clientes, brind\u00e1ndoles una variedad de opciones frescas y sabrosas para enriquecer las recetas y los platos.<\/p>\n<p>[\/et_pb_text][\/et_pb_column][\/et_pb_row][et_pb_row _builder_version=&#8221;4.21.0&#8243; _module_preset=&#8221;default&#8221; global_colors_info=&#8221;{}&#8221;][et_pb_column type=&#8221;4_4&#8243; _builder_version=&#8221;4.21.0&#8243; _module_preset=&#8221;default&#8221; global_colors_info=&#8221;{}&#8221;][et_pb_image src=&#8221;https:\/\/baldirivila.com\/wp-content\/uploads\/2023\/07\/bossa-verdures-scaled.jpeg&#8221; alt=&#8221;Bossa de verdures&#8221; title_text=&#8221;Bossa de verdures&#8221; _builder_version=&#8221;4.22.1&#8243; _module_preset=&#8221;default&#8221; width=&#8221;70%&#8221; module_alignment=&#8221;center&#8221; global_colors_info=&#8221;{}&#8221;][\/et_pb_image][\/et_pb_column][\/et_pb_row][\/et_pb_section][et_pb_section fb_built=&#8221;1&#8243; module_id=&#8221;compromis-qualitat&#8221; _builder_version=&#8221;4.27.3&#8243; _module_preset=&#8221;default&#8221; global_colors_info=&#8221;{}&#8221;][et_pb_row _builder_version=&#8221;4.21.0&#8243; _module_preset=&#8221;default&#8221; max_width=&#8221;1300px&#8221; global_colors_info=&#8221;{}&#8221;][et_pb_column type=&#8221;4_4&#8243; _builder_version=&#8221;4.21.0&#8243; _module_preset=&#8221;default&#8221; global_colors_info=&#8221;{}&#8221;][et_pb_text _builder_version=&#8221;4.21.0&#8243; _module_preset=&#8221;default&#8221; header_font=&#8221;Poppins||||||||&#8221; header_2_font=&#8221;Dancing Script|500|||||||&#8221; header_2_font_size=&#8221;40px&#8221; locked=&#8221;off&#8221; global_colors_info=&#8221;{}&#8221;]<\/p>\n<h2><span style=\"font-weight: 200; font-family: Poppins; text-transform: uppercase;\">Compromiso con la calidad y la frescura<\/span><\/h2>\n<p>[\/et_pb_text][\/et_pb_column][\/et_pb_row][et_pb_row _builder_version=&#8221;4.21.0&#8243; _module_preset=&#8221;default&#8221; max_width=&#8221;1300px&#8221; global_colors_info=&#8221;{}&#8221;][et_pb_column type=&#8221;4_4&#8243; _builder_version=&#8221;4.21.0&#8243; _module_preset=&#8221;default&#8221; global_colors_info=&#8221;{}&#8221;][et_pb_text _builder_version=&#8221;4.21.0&#8243; _module_preset=&#8221;default&#8221; text_font=&#8221;Poppins|300|||||||&#8221; locked=&#8221;off&#8221; global_colors_info=&#8221;{}&#8221;]<\/p>\n<p>Uno de los pilares fundamentales de Baldiri Vil\u00e0 es el suyo <strong>inquebrantable compromiso como proveedor de verduras en Mercabarna con la calidad y la frescura de las verduras que distribuye.<\/strong> Desde el momento en que las verduras son cosechadas hasta llegar a los puntos de venta, Baldiri Vil\u00e0 se asegura que cada paso del proceso cumpla los m\u00e1s altos est\u00e1ndares de calidad.<\/p>\n<p><strong>Para garantizar la frescura de sus productos, Baldiri Vil\u00e0 establece relaciones s\u00f3lidas y directas con los campesinos locales.<\/strong> Trabajando en estrecha colaboraci\u00f3n con ellos, la empresa selecciona cuidadosamente a los proveedores de verduras que cumplen criterios rigurosos de cultivo y recolecci\u00f3n. Esto permite que las verduras se cosechan en el momento \u00f3ptimo de madurez y se entreguen a los clientes con la m\u00e1xima frescura.<\/p>\n<p><strong>Adem\u00e1s, Baldiri Vil\u00e0 implementa estrictos controles de calidad en cada etapa del proceso.<\/strong> Antes de ser aceptadas para su distribuci\u00f3n, las verduras son sometidas a rigurosas inspecciones visuales y pruebas de frescura. Estos controles garantizan que s\u00f3lo las verduras de la m\u00e1s alta calidad y frescura lleguen a sus clientes.<\/p>\n<p><strong>La empresa tambi\u00e9n se rige por estrictas normativas sanitarias y de seguridad alimentaria.<\/strong> Baldiri Vil\u00e0 asegura que todas las verduras cumplan los requisitos de inocuidad y trazabilidad, brindando a los clientes la confianza que est\u00e1n adquiriendo productos seguros y de calidad. Asimismo, se mantienen al corriente de las \u00faltimas regulaciones y buenas pr\u00e1cticas del sector como proveedor de verduras para asegurar la excelencia en sus procesos y productos.<\/p>\n<p><strong>La frescura de las verduras se preserva durante todo el proceso log\u00edstico de distribuci\u00f3n.<\/strong> Baldiri Vil\u00e0 utiliza tecnolog\u00eda avanzada y m\u00e9todos de transporte adecuados, como c\u00e1maras frigor\u00edficas y condiciones de temperatura controlada, para mantener la cadena de fr\u00edo y garantizar que las verduras lleguen a los puntos de venta en \u00f3ptimas condiciones.<\/p>\n<p><strong>Asimismo, Baldiri Vil\u00e0 entiende la importancia de la sostenibilidad en la producci\u00f3n de alimentos.<\/strong> Por eso, promueve pr\u00e1cticas agr\u00edcolas responsables que reducen el impacto ambiental y preservan los recursos naturales. Trabaja en estrecha colaboraci\u00f3n con los agricultores locales como proveedor de verduras en Mercabarna para fomentar la agricultura sostenible, incluyendo el eficiente uso del agua, la conservaci\u00f3n del suelo y la minimizaci\u00f3n de residuos.<\/p>\n<p>[\/et_pb_text][\/et_pb_column][\/et_pb_row][et_pb_row _builder_version=&#8221;4.21.0&#8243; _module_preset=&#8221;default&#8221; global_colors_info=&#8221;{}&#8221;][et_pb_column type=&#8221;4_4&#8243; _builder_version=&#8221;4.21.0&#8243; _module_preset=&#8221;default&#8221; global_colors_info=&#8221;{}&#8221;][et_pb_image src=&#8221;https:\/\/baldirivila.com\/wp-content\/uploads\/2023\/07\/tall-verdures-scaled.jpeg&#8221; alt=&#8221;Persona tallant verdures&#8221; title_text=&#8221;Persona tallant verdures&#8221; _builder_version=&#8221;4.22.1&#8243; _module_preset=&#8221;default&#8221; width=&#8221;70%&#8221; module_alignment=&#8221;center&#8221; global_colors_info=&#8221;{}&#8221;][\/et_pb_image][\/et_pb_column][\/et_pb_row][\/et_pb_section][et_pb_section fb_built=&#8221;1&#8243; module_id=&#8221;servei-logistica&#8221; _builder_version=&#8221;4.27.3&#8243; _module_preset=&#8221;default&#8221; global_colors_info=&#8221;{}&#8221;][et_pb_row _builder_version=&#8221;4.21.0&#8243; _module_preset=&#8221;default&#8221; max_width=&#8221;1300px&#8221; global_colors_info=&#8221;{}&#8221;][et_pb_column type=&#8221;4_4&#8243; _builder_version=&#8221;4.21.0&#8243; _module_preset=&#8221;default&#8221; global_colors_info=&#8221;{}&#8221;][et_pb_text _builder_version=&#8221;4.21.0&#8243; _module_preset=&#8221;default&#8221; header_font=&#8221;Poppins||||||||&#8221; header_2_font=&#8221;Dancing Script|500|||||||&#8221; header_2_font_size=&#8221;40px&#8221; locked=&#8221;off&#8221; global_colors_info=&#8221;{}&#8221;]<\/p>\n<h2><span style=\"font-weight: 200; font-family: Poppins; text-transform: uppercase;\">Servicio al cliente y log\u00edstica eficiente<\/span><\/h2>\n<p>[\/et_pb_text][\/et_pb_column][\/et_pb_row][et_pb_row _builder_version=&#8221;4.21.0&#8243; _module_preset=&#8221;default&#8221; max_width=&#8221;1300px&#8221; global_colors_info=&#8221;{}&#8221;][et_pb_column type=&#8221;4_4&#8243; _builder_version=&#8221;4.21.0&#8243; _module_preset=&#8221;default&#8221; global_colors_info=&#8221;{}&#8221;][et_pb_text _builder_version=&#8221;4.21.0&#8243; _module_preset=&#8221;default&#8221; text_font=&#8221;Poppins|300|||||||&#8221; locked=&#8221;off&#8221; global_colors_info=&#8221;{}&#8221;]<\/p>\n<p>Baldiri Vil\u00e0 no s\u00f3lo se distingue como proveedor de verduras en Mercabarna, sino <strong>tambi\u00e9n por su dedicaci\u00f3n a ofrecer un servicio al cliente excepcional y una log\u00edstica eficiente<\/strong> en la distribuci\u00f3n de sus productos.<\/p>\n<p><strong>La empresa se enorgullece de contar con un equipo altamente capacitado y comprometido con la satisfacci\u00f3n del cliente.<\/strong> Desde el momento en que los clientes realizan los pedidos, Baldiri Vil\u00e0 se asegura de brindarles una atenci\u00f3n personalizada, escuchando sus necesidades y adapt\u00e1ndose a sus preferencias. Ya sea que se trate de un minorista o restaurante, la empresa comprende la importancia de la puntualidad y la confianza en la entrega de las verduras a Mercabarna.<\/p>\n<p><strong>Para garantizar una log\u00edstica eficiente, Baldiri Vil\u00e0 ha invertido en tecnolog\u00eda y procesos avanzados.<\/strong> Cuenta con un sistema de gesti\u00f3n de inventario y pedidos que permite un seguimiento preciso de la disponibilidad de los productos y agiliza el proceso de preparaci\u00f3n y entrega de los pedidos. Esto garantiza que los clientes reciban las verduras solicitadas en Mercabarna en el momento adecuado y en las cantidades requeridas.<\/p>\n<p>Adem\u00e1s, Baldiri Vil\u00e0 <strong>utiliza m\u00e9todos de transporte adecuados para preservar la calidad y frescura de las verduras en Mercabarna durante la distribuci\u00f3n.<\/strong> Dispone de veh\u00edculos refrigerados y c\u00e1maras frigor\u00edficas que mantienen una temperatura \u00f3ptima durante todo el trayecto, asegurando que las verduras en Mercabarna lleguen en \u00f3ptimas condiciones a los puntos de venta.<\/p>\n<p>La empresa tambi\u00e9n se destaca por la <strong>capacidad de adaptaci\u00f3n a las necesidades cambiantes de los clientes.<\/strong> Comprende que cada cliente es \u00fanico y puede tener requisitos espec\u00edficos en t\u00e9rminos de variedad de productos, cantidades y frecuencia de entrega. Por tanto, Baldiri Vil\u00e0 trabaja en estrecha colaboraci\u00f3n con los clientes como proveedor de verduras para proporcionar soluciones personalizadas que se ajusten a sus necesidades individuales.<\/p>\n<p>Adem\u00e1s del servicio al cliente, <strong>Baldiri Vil\u00e0 ofrece asesoramiento y soporte a sus clientes en relaci\u00f3n con la selecci\u00f3n y uso de las verduras en Mercabarna.<\/strong> Su equipo de expertos en productos est\u00e1 capacitado para proporcionar informaci\u00f3n detallada sobre cada verdura, incluyendo consejos de almacenamiento, recetas y sugerencias culinarias. Esta atenci\u00f3n personalizada y conocimiento especializado ayuda a los clientes a aprovechar al m\u00e1ximo las verduras frescas en Mercabarna que adquieren.<\/p>\n<p>[\/et_pb_text][\/et_pb_column][\/et_pb_row][et_pb_row _builder_version=&#8221;4.21.0&#8243; _module_preset=&#8221;default&#8221; global_colors_info=&#8221;{}&#8221;][et_pb_column type=&#8221;4_4&#8243; _builder_version=&#8221;4.21.0&#8243; _module_preset=&#8221;default&#8221; global_colors_info=&#8221;{}&#8221;][et_pb_image src=&#8221;https:\/\/baldirivila.com\/wp-content\/uploads\/2023\/07\/caixes-amb-melons-scaled.jpeg&#8221; alt=&#8221;Melons en caixes&#8221; title_text=&#8221;Melons en caixes&#8221; _builder_version=&#8221;4.22.1&#8243; _module_preset=&#8221;default&#8221; width=&#8221;70%&#8221; module_alignment=&#8221;center&#8221; global_colors_info=&#8221;{}&#8221;][\/et_pb_image][\/et_pb_column][\/et_pb_row][\/et_pb_section][et_pb_section fb_built=&#8221;1&#8243; module_id=&#8221;conclusio&#8221; _builder_version=&#8221;4.27.3&#8243; _module_preset=&#8221;default&#8221; global_colors_info=&#8221;{}&#8221;][et_pb_row _builder_version=&#8221;4.21.0&#8243; _module_preset=&#8221;default&#8221; max_width=&#8221;1300px&#8221; global_colors_info=&#8221;{}&#8221;][et_pb_column type=&#8221;4_4&#8243; _builder_version=&#8221;4.21.0&#8243; _module_preset=&#8221;default&#8221; global_colors_info=&#8221;{}&#8221;][et_pb_text _builder_version=&#8221;4.21.0&#8243; _module_preset=&#8221;default&#8221; header_font=&#8221;Poppins||||||||&#8221; header_2_font=&#8221;Dancing Script|500|||||||&#8221; header_2_font_size=&#8221;40px&#8221; locked=&#8221;off&#8221; global_colors_info=&#8221;{}&#8221;]<\/p>\n<h2><span style=\"font-weight: 200; font-family: Poppins; text-transform: uppercase;\">Conclusi\u00f3n<\/span><\/h2>\n<p>[\/et_pb_text][\/et_pb_column][\/et_pb_row][et_pb_row _builder_version=&#8221;4.21.0&#8243; _module_preset=&#8221;default&#8221; max_width=&#8221;1300px&#8221; global_colors_info=&#8221;{}&#8221;][et_pb_column type=&#8221;4_4&#8243; _builder_version=&#8221;4.21.0&#8243; _module_preset=&#8221;default&#8221; global_colors_info=&#8221;{}&#8221;][et_pb_text _builder_version=&#8221;4.21.0&#8243; _module_preset=&#8221;default&#8221; text_font=&#8221;Poppins|300|||||||&#8221; locked=&#8221;off&#8221; global_colors_info=&#8221;{}&#8221;]<strong>Baldiri Vil\u00e0 se ha consolidado como un proveedor de verduras en Mercabarna de confianza en el mercado mayorista.<\/strong> La seva \u00e0mplia varietat de productes frescos, el seu comprom\u00eds amb la qualitat i la frescor, aix\u00ed com el seu enfocament al servei al client, en fan una elecci\u00f3 destacada per a aquells que busquen verdures a Mercabarna d&#8217;alta qualitat.[\/et_pb_text][\/et_pb_column][\/et_pb_row][\/et_pb_section][et_pb_section fb_built=&#8221;1&#8243; _builder_version=&#8221;4.21.0&#8243; _module_preset=&#8221;default&#8221; background_color=&#8221;#fcfcfc&#8221; custom_padding=&#8221;100px||100px||true|false&#8221; locked=&#8221;off&#8221; global_colors_info=&#8221;{}&#8221;][et_pb_row _builder_version=&#8221;4.17.1&#8243; _module_preset=&#8221;default&#8221; global_colors_info=&#8221;{}&#8221;][et_pb_column type=&#8221;4_4&#8243; _builder_version=&#8221;4.17.1&#8243; _module_preset=&#8221;default&#8221; global_colors_info=&#8221;{}&#8221;][et_pb_text _builder_version=&#8221;4.17.1&#8243; _module_preset=&#8221;default&#8221; header_2_font=&#8221;Dancing Script||||||||&#8221; header_2_text_align=&#8221;center&#8221; header_2_font_size=&#8221;40px&#8221; custom_margin=&#8221;||15px||false|false&#8221; custom_padding=&#8221;||||false|false&#8221; global_colors_info=&#8221;{}&#8221;]<\/p>\n<h2><span style=\"font-size: 70px;\">\u00bfHablamos?<\/span><\/h2>\n<p>[\/et_pb_text][et_pb_divider color=&#8221;#d39c04&#8243; divider_weight=&#8221;3px&#8221; _builder_version=&#8221;4.17.1&#8243; _module_preset=&#8221;default&#8221; width=&#8221;15%&#8221; module_alignment=&#8221;center&#8221; global_colors_info=&#8221;{}&#8221;][\/et_pb_divider][et_pb_text _builder_version=&#8221;4.17.1&#8243; _module_preset=&#8221;default&#8221; text_font=&#8221;Poppins|300|||||||&#8221; text_font_size=&#8221;16px&#8221; text_orientation=&#8221;center&#8221; global_colors_info=&#8221;{}&#8221;]Ens pot contactar per tel\u00e8fon, al <span style=\"font-weight: 500\">932 631 593<\/span>, por e-mail a <span style=\"font-weight: 500\">info@baldirivila.com<\/span> o omplint el formulari de contacte[\/et_pb_text][\/et_pb_column][\/et_pb_row][et_pb_row column_structure=&#8221;1_2,1_2&#8243; make_equal=&#8221;on&#8221; _builder_version=&#8221;4.17.1&#8243; _module_preset=&#8221;default&#8221; max_width=&#8221;1300px&#8221; global_colors_info=&#8221;{}&#8221;][et_pb_column type=&#8221;1_2&#8243; _builder_version=&#8221;4.17.1&#8243; _module_preset=&#8221;default&#8221; custom_css_main_element=&#8221;display: flex;||flex-direction: column;||justify-content: center;&#8221; global_colors_info=&#8221;{}&#8221;][et_pb_image src=&#8221;https:\/\/baldirivila.com\/wp-content\/uploads\/2022\/12\/logo.png&#8221; alt=&#8221;Logo de Pastisseria i forn de pa Forn\u00e9s&#8221; title_text=&#8221;im333age&#8221; align=&#8221;center&#8221; _builder_version=&#8221;4.17.1&#8243; _module_preset=&#8221;default&#8221; max_width=&#8221;50%&#8221; module_alignment=&#8221;center&#8221; global_colors_info=&#8221;{}&#8221;][\/et_pb_image][et_pb_text _builder_version=&#8221;4.21.0&#8243; _module_preset=&#8221;default&#8221; text_font=&#8221;Poppins||||||||&#8221; text_font_size=&#8221;16px&#8221; link_text_color=&#8221;#966e00&#8243; text_orientation=&#8221;center&#8221; custom_padding=&#8221;||2vh||false|false&#8221; locked=&#8221;off&#8221; global_colors_info=&#8221;{}&#8221;]<\/p>\n<p>Tel\u00e9fono: 932 631 593<br \/>Email: <a href=\"mailto:info@baldirivila.com\">info@baldirivila.com<\/a><\/p>\n<p>[\/et_pb_text][et_pb_social_media_follow use_icon_font_size=&#8221;on&#8221; icon_font_size=&#8221;30px&#8221; _builder_version=&#8221;4.22.2&#8243; _module_preset=&#8221;default&#8221; custom_button=&#8221;on&#8221; transform_translate=&#8221;1vw|0px&#8221; transform_translate_linked=&#8221;off&#8221; text_orientation=&#8221;center&#8221; custom_css_social_icon=&#8221;margin-right: 2vw&#8221; border_radii=&#8221;on|30px|30px|30px|30px&#8221; global_colors_info=&#8221;{}&#8221; icon_color__hover_enabled=&#8221;off|desktop&#8221;][et_pb_social_media_follow_network social_network=&#8221;facebook&#8221; url=&#8221;https:\/\/www.facebook.com\/profile.php?id=61550965973332&#8243; _builder_version=&#8221;4.22.2&#8243; _module_preset=&#8221;default&#8221; background_color=&#8221;#3b5998&#8243; global_colors_info=&#8221;{}&#8221; follow_button=&#8221;off&#8221; url_new_window=&#8221;on&#8221;]facebook[\/et_pb_social_media_follow_network][et_pb_social_media_follow_network social_network=&#8221;instagram&#8221; url=&#8221;https:\/\/www.instagram.com\/baldiri_vila\/&#8221; _builder_version=&#8221;4.21.0&#8243; _module_preset=&#8221;default&#8221; background_color=&#8221;#ea2c59&#8243; global_colors_info=&#8221;{}&#8221; follow_button=&#8221;off&#8221; url_new_window=&#8221;on&#8221;]instagram[\/et_pb_social_media_follow_network][\/et_pb_social_media_follow][\/et_pb_column][et_pb_column type=&#8221;1_2&#8243; _builder_version=&#8221;4.17.4&#8243; _module_preset=&#8221;default&#8221; global_colors_info=&#8221;{}&#8221;][et_pb_contact_form use_spam_service=&#8221;on&#8221; recaptcha_list=&#8221;Default|Default-0&#8243; email=&#8221;info@baldirivila.com&#8221; custom_message=&#8221;Correu des de la WEB baldirivila.com||et_pb_line_break_holder||||et_pb_line_break_holder||Nom: %%Name%%||et_pb_line_break_holder||Tel\u00e8fon: %%Telefon%%||et_pb_line_break_holder||Correu: %%Email%%||et_pb_line_break_holder||Missatge: %%message%%&#8221; submit_button_text=&#8221;Envia&#8221; _builder_version=&#8221;4.27.0&#8243; _module_preset=&#8221;default&#8221; _unique_id=&#8221;20bffa56-eae1-4940-9a0e-452dfd6986fb&#8221; form_field_background_color=&#8221;#FFFFFF&#8221; custom_button=&#8221;on&#8221; button_text_color=&#8221;#FFFFFF&#8221; button_bg_color=&#8221;#987000&#8243; button_border_width=&#8221;0px&#8221; custom_margin=&#8221;||||false|false&#8221; custom_margin_tablet=&#8221;||||false|true&#8221; custom_margin_last_edited=&#8221;off|phone&#8221; border_width_all=&#8221;2px&#8221; border_color_all=&#8221;#D39C04&#8243; locked=&#8221;off&#8221; global_colors_info=&#8221;{}&#8221;][et_pb_contact_field field_id=&#8221;Name&#8221; field_title=&#8221;Nom *&#8221; fullwidth_field=&#8221;on&#8221; _builder_version=&#8221;4.27.0&#8243; global_colors_info=&#8221;{}&#8221; button_text_size__hover_enabled=&#8221;off&#8221; button_one_text_size__hover_enabled=&#8221;off&#8221; button_two_text_size__hover_enabled=&#8221;off&#8221; button_text_color__hover_enabled=&#8221;off&#8221; button_one_text_color__hover_enabled=&#8221;off&#8221; button_two_text_color__hover_enabled=&#8221;off&#8221; button_border_width__hover_enabled=&#8221;off&#8221; button_one_border_width__hover_enabled=&#8221;off&#8221; button_two_border_width__hover_enabled=&#8221;off&#8221; button_border_color__hover_enabled=&#8221;off&#8221; button_one_border_color__hover_enabled=&#8221;off&#8221; button_two_border_color__hover_enabled=&#8221;off&#8221; button_border_radius__hover_enabled=&#8221;off&#8221; button_one_border_radius__hover_enabled=&#8221;off&#8221; button_two_border_radius__hover_enabled=&#8221;off&#8221; button_letter_spacing__hover_enabled=&#8221;off&#8221; button_one_letter_spacing__hover_enabled=&#8221;off&#8221; button_two_letter_spacing__hover_enabled=&#8221;off&#8221; button_bg_color__hover_enabled=&#8221;off&#8221; button_one_bg_color__hover_enabled=&#8221;off&#8221; button_two_bg_color__hover_enabled=&#8221;off&#8221;][\/et_pb_contact_field][et_pb_contact_field field_id=&#8221;Telefon&#8221; field_title=&#8221;Tel\u00e8fon&#8221; required_mark=&#8221;off&#8221; _builder_version=&#8221;4.27.0&#8243; global_colors_info=&#8221;{}&#8221; button_text_size__hover_enabled=&#8221;off&#8221; button_one_text_size__hover_enabled=&#8221;off&#8221; button_two_text_size__hover_enabled=&#8221;off&#8221; button_text_color__hover_enabled=&#8221;off&#8221; button_one_text_color__hover_enabled=&#8221;off&#8221; button_two_text_color__hover_enabled=&#8221;off&#8221; button_border_width__hover_enabled=&#8221;off&#8221; button_one_border_width__hover_enabled=&#8221;off&#8221; button_two_border_width__hover_enabled=&#8221;off&#8221; button_border_color__hover_enabled=&#8221;off&#8221; button_one_border_color__hover_enabled=&#8221;off&#8221; button_two_border_color__hover_enabled=&#8221;off&#8221; button_border_radius__hover_enabled=&#8221;off&#8221; button_one_border_radius__hover_enabled=&#8221;off&#8221; button_two_border_radius__hover_enabled=&#8221;off&#8221; button_letter_spacing__hover_enabled=&#8221;off&#8221; button_one_letter_spacing__hover_enabled=&#8221;off&#8221; button_two_letter_spacing__hover_enabled=&#8221;off&#8221; button_bg_color__hover_enabled=&#8221;off&#8221; button_one_bg_color__hover_enabled=&#8221;off&#8221; button_two_bg_color__hover_enabled=&#8221;off&#8221;][\/et_pb_contact_field][et_pb_contact_field field_id=&#8221;Email&#8221; field_title=&#8221;Adre\u00e7a de correu electr\u00f2nic *&#8221; field_type=&#8221;email&#8221; _builder_version=&#8221;4.27.0&#8243; global_colors_info=&#8221;{}&#8221; button_text_size__hover_enabled=&#8221;off&#8221; button_one_text_size__hover_enabled=&#8221;off&#8221; button_two_text_size__hover_enabled=&#8221;off&#8221; button_text_color__hover_enabled=&#8221;off&#8221; button_one_text_color__hover_enabled=&#8221;off&#8221; button_two_text_color__hover_enabled=&#8221;off&#8221; button_border_width__hover_enabled=&#8221;off&#8221; button_one_border_width__hover_enabled=&#8221;off&#8221; button_two_border_width__hover_enabled=&#8221;off&#8221; button_border_color__hover_enabled=&#8221;off&#8221; button_one_border_color__hover_enabled=&#8221;off&#8221; button_two_border_color__hover_enabled=&#8221;off&#8221; button_border_radius__hover_enabled=&#8221;off&#8221; button_one_border_radius__hover_enabled=&#8221;off&#8221; button_two_border_radius__hover_enabled=&#8221;off&#8221; button_letter_spacing__hover_enabled=&#8221;off&#8221; button_one_letter_spacing__hover_enabled=&#8221;off&#8221; button_two_letter_spacing__hover_enabled=&#8221;off&#8221; button_bg_color__hover_enabled=&#8221;off&#8221; button_one_bg_color__hover_enabled=&#8221;off&#8221; button_two_bg_color__hover_enabled=&#8221;off&#8221;][\/et_pb_contact_field][et_pb_contact_field field_id=&#8221;Message&#8221; field_title=&#8221;Missatge *&#8221; field_type=&#8221;text&#8221; fullwidth_field=&#8221;on&#8221; _builder_version=&#8221;4.27.0&#8243; global_colors_info=&#8221;{}&#8221; button_text_size__hover_enabled=&#8221;off&#8221; button_one_text_size__hover_enabled=&#8221;off&#8221; button_two_text_size__hover_enabled=&#8221;off&#8221; button_text_color__hover_enabled=&#8221;off&#8221; button_one_text_color__hover_enabled=&#8221;off&#8221; button_two_text_color__hover_enabled=&#8221;off&#8221; button_border_width__hover_enabled=&#8221;off&#8221; button_one_border_width__hover_enabled=&#8221;off&#8221; button_two_border_width__hover_enabled=&#8221;off&#8221; button_border_color__hover_enabled=&#8221;off&#8221; button_one_border_color__hover_enabled=&#8221;off&#8221; button_two_border_color__hover_enabled=&#8221;off&#8221; button_border_radius__hover_enabled=&#8221;off&#8221; button_one_border_radius__hover_enabled=&#8221;off&#8221; button_two_border_radius__hover_enabled=&#8221;off&#8221; button_letter_spacing__hover_enabled=&#8221;off&#8221; button_one_letter_spacing__hover_enabled=&#8221;off&#8221; button_two_letter_spacing__hover_enabled=&#8221;off&#8221; button_bg_color__hover_enabled=&#8221;off&#8221; button_one_bg_color__hover_enabled=&#8221;off&#8221; button_two_bg_color__hover_enabled=&#8221;off&#8221;][\/et_pb_contact_field][et_pb_contact_field field_id=&#8221;Field_4&#8243; field_title=&#8221; &#8221; field_type=&#8221;checkbox&#8221; checkbox_options=&#8221;%91{%22value%22:%22Accepto la %22,%22checked%22:0,%22dragID%22:-1,%22link_text%22:%22Pol\u00edtica de privacitat%22,%22link_url%22:%22https:\/\/baldirivila.com\/politica-de-privacitat\/%22}%93&#8243; fullwidth_field=&#8221;on&#8221; _builder_version=&#8221;4.22.1&#8243; _module_preset=&#8221;default&#8221; global_colors_info=&#8221;{}&#8221;][\/et_pb_contact_field][\/et_pb_contact_form][et_pb_text _builder_version=&#8221;4.21.0&#8243; _module_preset=&#8221;default&#8221; link_text_color=&#8221;#966e00&#8243; locked=&#8221;off&#8221; global_colors_info=&#8221;{}&#8221;]<\/p>\n<p>Este sitio est\u00e1 protegido por reCAPTCHA y se aplican la <a href=\"https:\/\/policies.google.com\/privacy\">Pol\u00edtica de privacidad<\/a> y las <a href=\"https:\/\/policies.google.com\/terms\">Condiciones del servicio<\/a> de Google.<\/p>\n<p>[\/et_pb_text][\/et_pb_column][\/et_pb_row][\/et_pb_section]<\/p>","protected":false},"excerpt":{"rendered":"<p>En esta era donde la alimentaci\u00f3n saludable se ha convertido en una prioridad, la importancia de consumir verduras frescas y de calidad es fundamental. En Mercabarna, uno de los principales mercados mayoristas de alimentos en Barcelona, destaca la distribuci\u00f3n de verduras en Mercabarna por parte de Baldiri Vil\u00e0, un destacado proveedor de verduras en Mercabarna. En este art\u00edculo exploraremos la amplia gama de verduras que ofrece Baldiri Vil\u00e0, su compromiso con la calidad y el servicio al cliente, as\u00ed como los beneficios de incorporar estas verduras en nuestra dieta diaria.<\/p>","protected":false},"author":1,"featured_media":970,"comment_status":"closed","ping_status":"open","sticky":false,"template":"","format":"standard","meta":{"_et_pb_use_builder":"on","_et_pb_old_content":"","_et_gb_content_width":"2880","footnotes":""},"categories":[1],"tags":[],"class_list":["post-237","post","type-post","status-publish","format-standard","has-post-thumbnail","hentry","category-uncategorized"],"yoast_head":"<!-- This site is optimized with the Yoast SEO plugin v23.9 - https:\/\/yoast.com\/wordpress\/plugins\/seo\/ -->\n<title>La qualitat i varietat a Baldiri Vil\u00e0, prove\u00efdor de verdures a Mercabarna - baldiri vil\u00e0<\/title>\n<meta name=\"description\" content=\"Descobreix qualitat i varietat a Baldiri Vil\u00e0, prove\u00efdor de verdures a Mercabarna: frescor garantida per als teus clients.\" \/>\n<meta name=\"robots\" content=\"index, follow, max-snippet:-1, max-image-preview:large, max-video-preview:-1\" \/>\n<link rel=\"canonical\" href=\"https:\/\/baldirivila.com\/esp\/baldiri-villa-proveedor-verduras-mercabarna\/\" \/>\n<meta property=\"og:locale\" content=\"es_ES\" \/>\n<meta property=\"og:type\" content=\"article\" \/>\n<meta property=\"og:title\" content=\"La qualitat i varietat a Baldiri Vil\u00e0, prove\u00efdor de verdures a Mercabarna - baldiri vil\u00e0\" \/>\n<meta property=\"og:description\" content=\"Descobreix qualitat i varietat a Baldiri Vil\u00e0, prove\u00efdor de verdures a Mercabarna: frescor garantida per als teus clients.\" \/>\n<meta property=\"og:url\" content=\"https:\/\/baldirivila.com\/esp\/baldiri-villa-proveedor-verduras-mercabarna\/\" \/>\n<meta property=\"og:site_name\" content=\"baldiri vil\u00e0\" \/>\n<meta property=\"article:publisher\" content=\"https:\/\/www.facebook.com\/profile.php?id=61550965973332\" \/>\n<meta property=\"article:published_time\" content=\"2022-12-15T15:10:07+00:00\" \/>\n<meta property=\"article:modified_time\" content=\"2024-11-14T15:48:38+00:00\" \/>\n<meta property=\"og:image\" content=\"https:\/\/baldirivila.com\/wp-content\/uploads\/2023\/07\/verdures-sanes-scaled.jpeg\" \/>\n\t<meta property=\"og:image:width\" content=\"1920\" \/>\n\t<meta property=\"og:image:height\" content=\"1080\" \/>\n\t<meta property=\"og:image:type\" content=\"image\/jpeg\" \/>\n<meta name=\"author\" content=\"assisoft\" \/>\n<meta name=\"twitter:card\" content=\"summary_large_image\" \/>\n<meta name=\"twitter:label1\" content=\"Escrito por\" \/>\n\t<meta name=\"twitter:data1\" content=\"assisoft\" \/>\n\t<meta name=\"twitter:label2\" content=\"Tiempo de lectura\" \/>\n\t<meta name=\"twitter:data2\" content=\"11 minutos\" \/>\n<script type=\"application\/ld+json\" class=\"yoast-schema-graph\">{\"@context\":\"https:\/\/schema.org\",\"@graph\":[{\"@type\":\"Article\",\"@id\":\"https:\/\/baldirivila.com\/baldiri-vila-proveidor-verdures-mercabarna\/#article\",\"isPartOf\":{\"@id\":\"https:\/\/baldirivila.com\/baldiri-vila-proveidor-verdures-mercabarna\/\"},\"author\":{\"name\":\"assisoft\",\"@id\":\"https:\/\/baldirivila.com\/#\/schema\/person\/e7a4b556c9ffcf6c8bbb96cd38cb5264\"},\"headline\":\"La qualitat i varietat a Baldiri Vil\u00e0, prove\u00efdor de verdures a Mercabarna\",\"datePublished\":\"2022-12-15T15:10:07+00:00\",\"dateModified\":\"2024-11-14T15:48:38+00:00\",\"mainEntityOfPage\":{\"@id\":\"https:\/\/baldirivila.com\/baldiri-vila-proveidor-verdures-mercabarna\/\"},\"wordCount\":4546,\"publisher\":{\"@id\":\"https:\/\/baldirivila.com\/#organization\"},\"image\":{\"@id\":\"https:\/\/baldirivila.com\/baldiri-vila-proveidor-verdures-mercabarna\/#primaryimage\"},\"thumbnailUrl\":\"https:\/\/baldirivila.com\/wp-content\/uploads\/2023\/07\/verdures-sanes-scaled.jpeg\",\"articleSection\":[\"Uncategorized\"],\"inLanguage\":\"es\"},{\"@type\":\"WebPage\",\"@id\":\"https:\/\/baldirivila.com\/baldiri-vila-proveidor-verdures-mercabarna\/\",\"url\":\"https:\/\/baldirivila.com\/baldiri-vila-proveidor-verdures-mercabarna\/\",\"name\":\"La qualitat i varietat a Baldiri Vil\u00e0, prove\u00efdor de verdures a Mercabarna - baldiri vil\u00e0\",\"isPartOf\":{\"@id\":\"https:\/\/baldirivila.com\/#website\"},\"primaryImageOfPage\":{\"@id\":\"https:\/\/baldirivila.com\/baldiri-vila-proveidor-verdures-mercabarna\/#primaryimage\"},\"image\":{\"@id\":\"https:\/\/baldirivila.com\/baldiri-vila-proveidor-verdures-mercabarna\/#primaryimage\"},\"thumbnailUrl\":\"https:\/\/baldirivila.com\/wp-content\/uploads\/2023\/07\/verdures-sanes-scaled.jpeg\",\"datePublished\":\"2022-12-15T15:10:07+00:00\",\"dateModified\":\"2024-11-14T15:48:38+00:00\",\"description\":\"Descobreix qualitat i varietat a Baldiri Vil\u00e0, prove\u00efdor de verdures a Mercabarna: frescor garantida per als teus clients.\",\"breadcrumb\":{\"@id\":\"https:\/\/baldirivila.com\/baldiri-vila-proveidor-verdures-mercabarna\/#breadcrumb\"},\"inLanguage\":\"es\",\"potentialAction\":[{\"@type\":\"ReadAction\",\"target\":[\"https:\/\/baldirivila.com\/baldiri-vila-proveidor-verdures-mercabarna\/\"]}]},{\"@type\":\"ImageObject\",\"inLanguage\":\"es\",\"@id\":\"https:\/\/baldirivila.com\/baldiri-vila-proveidor-verdures-mercabarna\/#primaryimage\",\"url\":\"https:\/\/baldirivila.com\/wp-content\/uploads\/2023\/07\/verdures-sanes-scaled.jpeg\",\"contentUrl\":\"https:\/\/baldirivila.com\/wp-content\/uploads\/2023\/07\/verdures-sanes-scaled.jpeg\",\"width\":1920,\"height\":1080,\"caption\":\"Verdures de Baldiri Vil\u00e0\"},{\"@type\":\"BreadcrumbList\",\"@id\":\"https:\/\/baldirivila.com\/baldiri-vila-proveidor-verdures-mercabarna\/#breadcrumb\",\"itemListElement\":[{\"@type\":\"ListItem\",\"position\":1,\"name\":\"Inici\",\"item\":\"https:\/\/baldirivila.com\/\"},{\"@type\":\"ListItem\",\"position\":2,\"name\":\"La qualitat i varietat a Baldiri Vil\u00e0, prove\u00efdor de verdures a Mercabarna\"}]},{\"@type\":\"WebSite\",\"@id\":\"https:\/\/baldirivila.com\/#website\",\"url\":\"https:\/\/baldirivila.com\/\",\"name\":\"baldiri vil\u00e0\",\"description\":\"Per tradici\u00f3 i qualitat, Baldiri Vil\u00e0\",\"publisher\":{\"@id\":\"https:\/\/baldirivila.com\/#organization\"},\"inLanguage\":\"es\"},{\"@type\":\"Organization\",\"@id\":\"https:\/\/baldirivila.com\/#organization\",\"name\":\"Baldiri Vil\u00e0\",\"url\":\"https:\/\/baldirivila.com\/\",\"logo\":{\"@type\":\"ImageObject\",\"inLanguage\":\"es\",\"@id\":\"https:\/\/baldirivila.com\/#\/schema\/logo\/image\/\",\"url\":\"https:\/\/baldirivila.com\/wp-content\/uploads\/2023\/06\/favicon.png\",\"contentUrl\":\"https:\/\/baldirivila.com\/wp-content\/uploads\/2023\/06\/favicon.png\",\"width\":50,\"height\":50,\"caption\":\"Baldiri Vil\u00e0\"},\"image\":{\"@id\":\"https:\/\/baldirivila.com\/#\/schema\/logo\/image\/\"},\"sameAs\":[\"https:\/\/www.facebook.com\/profile.php?id=61550965973332\",\"https:\/\/www.instagram.com\/baldiri_vila\/\"]},{\"@type\":\"Person\",\"@id\":\"https:\/\/baldirivila.com\/#\/schema\/person\/e7a4b556c9ffcf6c8bbb96cd38cb5264\",\"name\":\"assisoft\",\"image\":{\"@type\":\"ImageObject\",\"inLanguage\":\"es\",\"@id\":\"https:\/\/baldirivila.com\/#\/schema\/person\/image\/\",\"url\":\"https:\/\/baldirivila.com\/wp-content\/litespeed\/avatar\/0ee51eaac491861c051954dde15c2d6e.jpg?ver=1776700948\",\"contentUrl\":\"https:\/\/baldirivila.com\/wp-content\/litespeed\/avatar\/0ee51eaac491861c051954dde15c2d6e.jpg?ver=1776700948\",\"caption\":\"assisoft\"},\"sameAs\":[\"https:\/\/baldirivila.com\"]}]}<\/script>\n<!-- \/ Yoast SEO plugin. -->","yoast_head_json":{"title":"La qualitat i varietat a Baldiri Vil\u00e0, prove\u00efdor de verdures a Mercabarna - baldiri vil\u00e0","description":"Descobreix qualitat i varietat a Baldiri Vil\u00e0, prove\u00efdor de verdures a Mercabarna: frescor garantida per als teus clients.","robots":{"index":"index","follow":"follow","max-snippet":"max-snippet:-1","max-image-preview":"max-image-preview:large","max-video-preview":"max-video-preview:-1"},"canonical":"https:\/\/baldirivila.com\/esp\/baldiri-villa-proveedor-verduras-mercabarna\/","og_locale":"es_ES","og_type":"article","og_title":"La qualitat i varietat a Baldiri Vil\u00e0, prove\u00efdor de verdures a Mercabarna - baldiri vil\u00e0","og_description":"Descobreix qualitat i varietat a Baldiri Vil\u00e0, prove\u00efdor de verdures a Mercabarna: frescor garantida per als teus clients.","og_url":"https:\/\/baldirivila.com\/esp\/baldiri-villa-proveedor-verduras-mercabarna\/","og_site_name":"baldiri vil\u00e0","article_publisher":"https:\/\/www.facebook.com\/profile.php?id=61550965973332","article_published_time":"2022-12-15T15:10:07+00:00","article_modified_time":"2024-11-14T15:48:38+00:00","og_image":[{"width":1920,"height":1080,"url":"https:\/\/baldirivila.com\/wp-content\/uploads\/2023\/07\/verdures-sanes-scaled.jpeg","type":"image\/jpeg"}],"author":"assisoft","twitter_card":"summary_large_image","twitter_misc":{"Escrito por":"assisoft","Tiempo de lectura":"11 minutos"},"schema":{"@context":"https:\/\/schema.org","@graph":[{"@type":"Article","@id":"https:\/\/baldirivila.com\/baldiri-vila-proveidor-verdures-mercabarna\/#article","isPartOf":{"@id":"https:\/\/baldirivila.com\/baldiri-vila-proveidor-verdures-mercabarna\/"},"author":{"name":"assisoft","@id":"https:\/\/baldirivila.com\/#\/schema\/person\/e7a4b556c9ffcf6c8bbb96cd38cb5264"},"headline":"La qualitat i varietat a Baldiri Vil\u00e0, prove\u00efdor de verdures a Mercabarna","datePublished":"2022-12-15T15:10:07+00:00","dateModified":"2024-11-14T15:48:38+00:00","mainEntityOfPage":{"@id":"https:\/\/baldirivila.com\/baldiri-vila-proveidor-verdures-mercabarna\/"},"wordCount":4546,"publisher":{"@id":"https:\/\/baldirivila.com\/#organization"},"image":{"@id":"https:\/\/baldirivila.com\/baldiri-vila-proveidor-verdures-mercabarna\/#primaryimage"},"thumbnailUrl":"https:\/\/baldirivila.com\/wp-content\/uploads\/2023\/07\/verdures-sanes-scaled.jpeg","articleSection":["Uncategorized"],"inLanguage":"es"},{"@type":"WebPage","@id":"https:\/\/baldirivila.com\/baldiri-vila-proveidor-verdures-mercabarna\/","url":"https:\/\/baldirivila.com\/baldiri-vila-proveidor-verdures-mercabarna\/","name":"La qualitat i varietat a Baldiri Vil\u00e0, prove\u00efdor de verdures a Mercabarna - baldiri vil\u00e0","isPartOf":{"@id":"https:\/\/baldirivila.com\/#website"},"primaryImageOfPage":{"@id":"https:\/\/baldirivila.com\/baldiri-vila-proveidor-verdures-mercabarna\/#primaryimage"},"image":{"@id":"https:\/\/baldirivila.com\/baldiri-vila-proveidor-verdures-mercabarna\/#primaryimage"},"thumbnailUrl":"https:\/\/baldirivila.com\/wp-content\/uploads\/2023\/07\/verdures-sanes-scaled.jpeg","datePublished":"2022-12-15T15:10:07+00:00","dateModified":"2024-11-14T15:48:38+00:00","description":"Descobreix qualitat i varietat a Baldiri Vil\u00e0, prove\u00efdor de verdures a Mercabarna: frescor garantida per als teus clients.","breadcrumb":{"@id":"https:\/\/baldirivila.com\/baldiri-vila-proveidor-verdures-mercabarna\/#breadcrumb"},"inLanguage":"es","potentialAction":[{"@type":"ReadAction","target":["https:\/\/baldirivila.com\/baldiri-vila-proveidor-verdures-mercabarna\/"]}]},{"@type":"ImageObject","inLanguage":"es","@id":"https:\/\/baldirivila.com\/baldiri-vila-proveidor-verdures-mercabarna\/#primaryimage","url":"https:\/\/baldirivila.com\/wp-content\/uploads\/2023\/07\/verdures-sanes-scaled.jpeg","contentUrl":"https:\/\/baldirivila.com\/wp-content\/uploads\/2023\/07\/verdures-sanes-scaled.jpeg","width":1920,"height":1080,"caption":"Verdures de Baldiri Vil\u00e0"},{"@type":"BreadcrumbList","@id":"https:\/\/baldirivila.com\/baldiri-vila-proveidor-verdures-mercabarna\/#breadcrumb","itemListElement":[{"@type":"ListItem","position":1,"name":"Inici","item":"https:\/\/baldirivila.com\/"},{"@type":"ListItem","position":2,"name":"La qualitat i varietat a Baldiri Vil\u00e0, prove\u00efdor de verdures a Mercabarna"}]},{"@type":"WebSite","@id":"https:\/\/baldirivila.com\/#website","url":"https:\/\/baldirivila.com\/","name":"baldiri vil\u00e0","description":"Per tradici\u00f3 i qualitat, Baldiri Vil\u00e0","publisher":{"@id":"https:\/\/baldirivila.com\/#organization"},"inLanguage":"es"},{"@type":"Organization","@id":"https:\/\/baldirivila.com\/#organization","name":"Baldiri Vil\u00e0","url":"https:\/\/baldirivila.com\/","logo":{"@type":"ImageObject","inLanguage":"es","@id":"https:\/\/baldirivila.com\/#\/schema\/logo\/image\/","url":"https:\/\/baldirivila.com\/wp-content\/uploads\/2023\/06\/favicon.png","contentUrl":"https:\/\/baldirivila.com\/wp-content\/uploads\/2023\/06\/favicon.png","width":50,"height":50,"caption":"Baldiri Vil\u00e0"},"image":{"@id":"https:\/\/baldirivila.com\/#\/schema\/logo\/image\/"},"sameAs":["https:\/\/www.facebook.com\/profile.php?id=61550965973332","https:\/\/www.instagram.com\/baldiri_vila\/"]},{"@type":"Person","@id":"https:\/\/baldirivila.com\/#\/schema\/person\/e7a4b556c9ffcf6c8bbb96cd38cb5264","name":"assisoft","image":{"@type":"ImageObject","inLanguage":"es","@id":"https:\/\/baldirivila.com\/#\/schema\/person\/image\/","url":"https:\/\/baldirivila.com\/wp-content\/litespeed\/avatar\/0ee51eaac491861c051954dde15c2d6e.jpg?ver=1776700948","contentUrl":"https:\/\/baldirivila.com\/wp-content\/litespeed\/avatar\/0ee51eaac491861c051954dde15c2d6e.jpg?ver=1776700948","caption":"assisoft"},"sameAs":["https:\/\/baldirivila.com"]}]}},"_links":{"self":[{"href":"https:\/\/baldirivila.com\/esp\/wp-json\/wp\/v2\/posts\/237","targetHints":{"allow":["GET"]}}],"collection":[{"href":"https:\/\/baldirivila.com\/esp\/wp-json\/wp\/v2\/posts"}],"about":[{"href":"https:\/\/baldirivila.com\/esp\/wp-json\/wp\/v2\/types\/post"}],"author":[{"embeddable":true,"href":"https:\/\/baldirivila.com\/esp\/wp-json\/wp\/v2\/users\/1"}],"replies":[{"embeddable":true,"href":"https:\/\/baldirivila.com\/esp\/wp-json\/wp\/v2\/comments?post=237"}],"version-history":[{"count":33,"href":"https:\/\/baldirivila.com\/esp\/wp-json\/wp\/v2\/posts\/237\/revisions"}],"predecessor-version":[{"id":1419,"href":"https:\/\/baldirivila.com\/esp\/wp-json\/wp\/v2\/posts\/237\/revisions\/1419"}],"wp:featuredmedia":[{"embeddable":true,"href":"https:\/\/baldirivila.com\/esp\/wp-json\/wp\/v2\/media\/970"}],"wp:attachment":[{"href":"https:\/\/baldirivila.com\/esp\/wp-json\/wp\/v2\/media?parent=237"}],"wp:term":[{"taxonomy":"category","embeddable":true,"href":"https:\/\/baldirivila.com\/esp\/wp-json\/wp\/v2\/categories?post=237"},{"taxonomy":"post_tag","embeddable":true,"href":"https:\/\/baldirivila.com\/esp\/wp-json\/wp\/v2\/tags?post=237"}],"curies":[{"name":"wp","href":"https:\/\/api.w.org\/{rel}","templated":true}]}}