{"id":237,"date":"2022-12-15T15:10:07","date_gmt":"2022-12-15T15:10:07","guid":{"rendered":"https:\/\/baldirivila.com\/?p=237"},"modified":"2024-11-14T15:48:38","modified_gmt":"2024-11-14T15:48:38","slug":"fournisseur-de-legumes-du-village-baldiri-mercabarna","status":"publish","type":"post","link":"https:\/\/baldirivila.com\/fra\/baldiri-vila-proveidor-verdures-mercabarna\/","title":{"rendered":"La qualit\u00e9 et la vari\u00e9t\u00e9 chez Baldiri Vil\u00e0, fournisseur de l\u00e9gumes de Mercabarna"},"content":{"rendered":"<p>[et_pb_section fb_built=\u00bb1&#8243; _builder_version=\u00bb4.17.1&#8243; _module_preset=\u00bbdefault\u00bb use_background_color_gradient=\u00bbon\u00bb background_color_gradient_stops=\u00bbrgba(255,255,255,0.4) 0%|rgba(255,255,255,0) 20%\u00bb background_color_gradient_overlays_image=\u00bbon\u00bb background_image=\u00bbhttps:\/\/baldirivila.com\/wp-content\/uploads\/2023\/05\/magrana-oberta-scaled.jpeg\u00bb height=\u00bb103vh\u00bb custom_margin=\u00bb-100px||||false|false\u00bb locked=\u00bboff\u00bb global_colors_info=\u00bb{}\u00bb][et_pb_row make_equal=\u00bbon\u00bb _builder_version=\u00bb4.17.1&#8243; _module_preset=\u00bbdefault\u00bb max_width=\u00bb1380px\u00bb height=\u00bb100%\u00bb custom_css_main_element=\u00bbdisplay: flex;||flex-direction: column;||justify-content: center;\u00bb global_colors_info=\u00bb{}\u00bb][et_pb_column type=\u00bb4_4&#8243; _builder_version=\u00bb4.17.1&#8243; _module_preset=\u00bbdefault\u00bb global_colors_info=\u00bb{}\u00bb][et_pb_text _builder_version=\u00bb4.22.1&#8243; _module_preset=\u00bbdefault\u00bb header_text_color=\u00bb#FFFFFF\u00bb locked=\u00bboff\u00bb global_colors_info=\u00bb{}\u00bb]<\/p>\n<h1 style=\"text-transform: uppercase; font-family: Poppins; font-size: 60px; text-align: left; line-height: 1em; text-shadow: 0px 0px 15px rgba(0,0,0,0.5); font-weight: 400;\">La qualitat i varietat a Baldiri Vil\u00e0, prove\u00efdor de verdures a Mercabarna<\/h1>\n<p>[\/et_pb_text][\/et_pb_column][\/et_pb_row][\/et_pb_section][et_pb_section fb_built=\u00bb1&#8243; module_id=\u00bbmenu\u00bb _builder_version=\u00bb4.27.3&#8243; _module_preset=\u00bbdefault\u00bb global_colors_info=\u00bb{}\u00bb][et_pb_row _builder_version=\u00bb4.27.3&#8243; _module_preset=\u00bbdefault\u00bb max_width=\u00bb1300px\u00bb global_colors_info=\u00bb{}\u00bb][et_pb_column type=\u00bb4_4&#8243; _builder_version=\u00bb4.27.2&#8243; _module_preset=\u00bbdefault\u00bb global_colors_info=\u00bb{}\u00bb][et_pb_toggle title=\u00bbTaula de continguts\u00bb closed_toggle_background_color=\u00bb#fcfcfc\u00bb icon_color=\u00bb#D39C04&#8243; toggle_icon=\u00bb&#x34;||divi||400&#8243; use_icon_font_size=\u00bbon\u00bb icon_font_size=\u00bb30px\u00bb open_icon_color=\u00bb#588157&#8243; open_toggle_icon=\u00bb&#x33;||divi||400&#8243; open_use_icon_font_size=\u00bbon\u00bb open_icon_font_size=\u00bb30px\u00bb _builder_version=\u00bb4.27.3&#8243; _module_preset=\u00bbdefault\u00bb title_text_color=\u00bb#000000&#8243; title_level=\u00bbh2&#8243; title_font=\u00bbPoppins||||||||\u00bb body_font=\u00bbPoppins||||||||\u00bb body_link_font=\u00bbPoppins||||||||\u00bb body_link_text_color=\u00bb#D39C04&#8243; body_link_font_size=\u00bb18px\u00bb hover_enabled=\u00bb0&#8243; border_width_all=\u00bb0px\u00bb global_colors_info=\u00bb{}\u00bb sticky_enabled=\u00bb0&#8243;]<\/p>\n<ul>\n<li><a href=\"#introduccio\">Introducci\u00f3<\/a><\/li>\n<li><a href=\"#baldiri-vila\">Baldiri Vil\u00e0: una traject\u00f2ria d\u2019excel\u00b7l\u00e8ncia a Mercabarna<\/a><\/li>\n<li><a href=\"#varietat-verdures\">\u00c0mplia varietat de verdures fresques<\/a><\/li>\n<li><a href=\"#compromis-qualitat\">Comprom\u00eds amb la qualitat i la frescor<\/a><\/li>\n<li><a href=\"#servei-logistica\">Servei al client i log\u00edstica eficient<\/a><\/li>\n<li><a href=\"#conclusio\">Conclusi\u00f3<\/a><\/li>\n<\/ul>\n<p>[\/et_pb_toggle][\/et_pb_column][\/et_pb_row][\/et_pb_section][et_pb_section fb_built=\u00bb1&#8243; module_id=\u00bbintroduccio\u00bb _builder_version=\u00bb4.27.3&#8243; _module_preset=\u00bbdefault\u00bb global_colors_info=\u00bb{}\u00bb][et_pb_row _builder_version=\u00bb4.21.0&#8243; _module_preset=\u00bbdefault\u00bb max_width=\u00bb1300px\u00bb global_colors_info=\u00bb{}\u00bb][et_pb_column type=\u00bb4_4&#8243; _builder_version=\u00bb4.21.0&#8243; _module_preset=\u00bbdefault\u00bb global_colors_info=\u00bb{}\u00bb][et_pb_text _builder_version=\u00bb4.21.0&#8243; _module_preset=\u00bbdefault\u00bb header_font=\u00bbPoppins||||||||\u00bb header_2_font=\u00bbDancing Script|500|||||||\u00bb header_2_font_size=\u00bb40px\u00bb locked=\u00bboff\u00bb global_colors_info=\u00bb{}\u00bb]<\/p>\n<h2><span style=\"font-weight: 200; font-family: Poppins; text-transform: uppercase;\">Introducci\u00f3<\/h2>\n<p>[\/et_pb_text][\/et_pb_column][\/et_pb_row][et_pb_row _builder_version=\u00bb4.21.0&#8243; _module_preset=\u00bbdefault\u00bb max_width=\u00bb1300px\u00bb global_colors_info=\u00bb{}\u00bb][et_pb_column type=\u00bb4_4&#8243; _builder_version=\u00bb4.21.0&#8243; _module_preset=\u00bbdefault\u00bb global_colors_info=\u00bb{}\u00bb][et_pb_text _builder_version=\u00bb4.21.0&#8243; _module_preset=\u00bbdefault\u00bb text_font=\u00bbPoppins|300|||||||\u00bb locked=\u00bboff\u00bb global_colors_info=\u00bb{}\u00bb]<\/p>\n<p><strong>En aquesta era on l&#8217;alimentaci\u00f3 saludable ha esdevingut una prioritat, la import\u00e0ncia de consumir verdures fresques i de qualitat \u00e9s fonamental.<\/strong> A Mercabarna, un dels principals mercats majoristes d&#8217;aliments a Barcelona, hi destaca la distribuci\u00f3 de verdures a Mercabarna per part de Baldiri Vil\u00e0, un destacat prove\u00efdor de verdures a Mercabarna. En aquest article explorarem l&#8217;\u00e0mplia gamma de verdures que ofereix Baldiri Vil\u00e0, el seu comprom\u00eds amb la qualitat i el servei al client, aix\u00ed com els beneficis d&#8217;incorporar aquestes verdures a la nostra dieta di\u00e0ria.<\/p>\n<p>[\/et_pb_text][\/et_pb_column][\/et_pb_row][et_pb_row _builder_version=\u00bb4.21.0&#8243; _module_preset=\u00bbdefault\u00bb global_colors_info=\u00bb{}\u00bb][et_pb_column type=\u00bb4_4&#8243; _builder_version=\u00bb4.21.0&#8243; _module_preset=\u00bbdefault\u00bb global_colors_info=\u00bb{}\u00bb][et_pb_image src=\u00bbhttps:\/\/baldirivila.com\/wp-content\/uploads\/2023\/07\/verdures-sanes-scaled.jpeg\u00bb alt=\u00bbVerdures de Baldiri Vil\u00e0\u00bb title_text=\u00bbVerdures de Baldiri Vil\u00e0\u00bb _builder_version=\u00bb4.22.1&#8243; _module_preset=\u00bbdefault\u00bb width=\u00bb70%\u00bb module_alignment=\u00bbcenter\u00bb global_colors_info=\u00bb{}\u00bb][\/et_pb_image][\/et_pb_column][\/et_pb_row][\/et_pb_section][et_pb_section fb_built=\u00bb1&#8243; module_id=\u00bbbaldiri-vila\u00bb _builder_version=\u00bb4.27.3&#8243; _module_preset=\u00bbdefault\u00bb global_colors_info=\u00bb{}\u00bb][et_pb_row _builder_version=\u00bb4.21.0&#8243; _module_preset=\u00bbdefault\u00bb max_width=\u00bb1300px\u00bb global_colors_info=\u00bb{}\u00bb][et_pb_column type=\u00bb4_4&#8243; _builder_version=\u00bb4.21.0&#8243; _module_preset=\u00bbdefault\u00bb global_colors_info=\u00bb{}\u00bb][et_pb_text _builder_version=\u00bb4.21.0&#8243; _module_preset=\u00bbdefault\u00bb header_font=\u00bbPoppins||||||||\u00bb header_2_font=\u00bbDancing Script|500|||||||\u00bb header_2_font_size=\u00bb40px\u00bb locked=\u00bboff\u00bb global_colors_info=\u00bb{}\u00bb]<\/p>\n<h2><span style=\"font-weight: 200; font-family: Poppins; text-transform: uppercase;\">Baldiri Vil\u00e0: una traject\u00f2ria d&#8217;excel\u00b7l\u00e8ncia a Mercabarna<\/span><\/h2>\n<p>[\/et_pb_text][\/et_pb_column][\/et_pb_row][et_pb_row _builder_version=\u00bb4.21.0&#8243; _module_preset=\u00bbdefault\u00bb max_width=\u00bb1300px\u00bb global_colors_info=\u00bb{}\u00bb][et_pb_column type=\u00bb4_4&#8243; _builder_version=\u00bb4.21.0&#8243; _module_preset=\u00bbdefault\u00bb global_colors_info=\u00bb{}\u00bb][et_pb_text _builder_version=\u00bb4.21.0&#8243; _module_preset=\u00bbdefault\u00bb text_font=\u00bbPoppins|300|||||||\u00bb locked=\u00bboff\u00bb global_colors_info=\u00bb{}\u00bb]<\/p>\n<p>Amb m\u00e9s de dues d\u00e8cades d&#8217;experi\u00e8ncia al mercat majorista d&#8217;aliments, <strong>Baldiri Vil\u00e0 s&#8217;ha posicionat com a empresa de refer\u00e8ncia<\/strong> com a prove\u00efdor de verdures fresques a Mercabarna, el principal mercat majorista de Barcelona. La traject\u00f2ria d&#8217;excel\u00b7l\u00e8ncia i el comprom\u00eds amb la qualitat han estat reconeguts per clients i prove\u00efdors de verdures per igual.<\/p>\n<p>Des dels seus inicis, <strong>Baldiri Vil\u00e0 ha mantingut una estreta relaci\u00f3 amb els pagesos locals,<\/strong> treballant en col\u00b7laboraci\u00f3 amb ells per garantir la frescor i la qualitat dels seus productes. A m\u00e9s, <strong>Baldiri Vil\u00e0 tamb\u00e9 t\u00e9 terres a Gav\u00e0, on conreen les seves pr\u00f2pies verdures.<\/strong> Aquesta connexi\u00f3 directa amb els productors els permet seleccionar amb cura les verdures que ofereixen als seus clients, assegurant-se que compleixin els m\u00e9s alts est\u00e0ndards de qualitat.<\/p>\n<p><strong>L&#8217;empresa s&#8217;enorgulleix d&#8217;oferir una \u00e0mplia varietat de verdures fresques<\/strong> que abasten totes les estacions de l&#8217;any. Des de cruixents enciams i espinacs fins a saborosos tom\u00e0quets i pebrots, Baldiri Vil\u00e0 t\u00e9 com a objectiu satisfer les demandes dels minoristes i restaurants, brindant-los opcions fresques i de qualitat en tot moment.<\/p>\n<p>A m\u00e9s del comprom\u00eds amb la qualitat dels seus productes, <strong>Baldiri Vil\u00e0 es destaca pel seu enfocament en la sostenibilitat i l&#8217;agricultura responsable.<\/strong> Treballant en estreta col\u00b7laboraci\u00f3 amb els pagesos locals, promouen pr\u00e0ctiques agr\u00edcoles sostenibles que minimitzen l&#8217;impacte ambiental i garanteixen la preservaci\u00f3 dels recursos naturals a llarg termini.<\/p>\n<p><strong>Baldiri Vil\u00e0 ha establert una xarxa log\u00edstica eficient i fiable per garantir que les verdures de Mercabarna arribin a les destinacions finals en \u00f2ptimes condicions.<\/strong> Utilitzen tecnologia avan\u00e7ada i m\u00e8todes de transport adequats per preservar la frescor i la qualitat dels productes durant el proc\u00e9s de distribuci\u00f3. A m\u00e9s, el seu equip altament capacitat s&#8217;assegura que les comandes es preparin i es lliurin de manera eficient, brindant un servei al client excepcional.<\/p>\n<p>Amb una s\u00f2lida reputaci\u00f3 al mercat, <strong>Baldiri Vil\u00e0 continua innovant i adaptant-se a les necessitats i prefer\u00e8ncies canviants dels seus clients.<\/strong> El seu comprom\u00eds amb l&#8217;excel\u00b7l\u00e8ncia, la qualitat i el servei al client els converteix en una opci\u00f3 preferida per a aquells que cerquen verdures fresques a Mercabarna i de confian\u00e7a.<\/p>\n<p>[\/et_pb_text][\/et_pb_column][\/et_pb_row][et_pb_row _builder_version=\u00bb4.21.0&#8243; _module_preset=\u00bbdefault\u00bb global_colors_info=\u00bb{}\u00bb][et_pb_column type=\u00bb4_4&#8243; _builder_version=\u00bb4.21.0&#8243; _module_preset=\u00bbdefault\u00bb global_colors_info=\u00bb{}\u00bb][et_pb_image src=\u00bbhttps:\/\/baldirivila.com\/wp-content\/uploads\/2023\/07\/cultiu-scaled.jpeg\u00bb alt=\u00bbPersona treballant en uns cultius\u00bb title_text=\u00bbPersona treballant en uns cultius\u00bb _builder_version=\u00bb4.22.1&#8243; _module_preset=\u00bbdefault\u00bb width=\u00bb70%\u00bb module_alignment=\u00bbcenter\u00bb global_colors_info=\u00bb{}\u00bb][\/et_pb_image][\/et_pb_column][\/et_pb_row][\/et_pb_section][et_pb_section fb_built=\u00bb1&#8243; module_id=\u00bbvarietat-verdures\u00bb _builder_version=\u00bb4.27.3&#8243; _module_preset=\u00bbdefault\u00bb global_colors_info=\u00bb{}\u00bb][et_pb_row _builder_version=\u00bb4.21.0&#8243; _module_preset=\u00bbdefault\u00bb max_width=\u00bb1300px\u00bb global_colors_info=\u00bb{}\u00bb][et_pb_column type=\u00bb4_4&#8243; _builder_version=\u00bb4.21.0&#8243; _module_preset=\u00bbdefault\u00bb global_colors_info=\u00bb{}\u00bb][et_pb_text _builder_version=\u00bb4.21.0&#8243; _module_preset=\u00bbdefault\u00bb header_font=\u00bbPoppins||||||||\u00bb header_2_font=\u00bbDancing Script|500|||||||\u00bb header_2_font_size=\u00bb40px\u00bb locked=\u00bboff\u00bb global_colors_info=\u00bb{}\u00bb]<\/p>\n<h2><span style=\"font-weight: 200; font-family: Poppins; text-transform: uppercase;\">\u00c0mplia varietat de verdures fresques<\/span><\/h2>\n<p>[\/et_pb_text][\/et_pb_column][\/et_pb_row][et_pb_row _builder_version=\u00bb4.21.0&#8243; _module_preset=\u00bbdefault\u00bb max_width=\u00bb1300px\u00bb global_colors_info=\u00bb{}\u00bb][et_pb_column type=\u00bb4_4&#8243; _builder_version=\u00bb4.21.0&#8243; _module_preset=\u00bbdefault\u00bb global_colors_info=\u00bb{}\u00bb][et_pb_text _builder_version=\u00bb4.21.0&#8243; _module_preset=\u00bbdefault\u00bb text_font=\u00bbPoppins|300|||||||\u00bb locked=\u00bboff\u00bb global_colors_info=\u00bb{}\u00bb]<\/p>\n<p>Baldiri Vil\u00e0 es distingeix com a prove\u00efdor de verdures a Mercabarna en <strong>oferir als seus clients una \u00e0mplia i diversa gamma de verdures fresques de la m\u00e9s alta qualitat.<\/strong> El seu comprom\u00eds amb la frescor i la varietat es reflecteix en la selecci\u00f3 acurada de productes, que abasta des de les verdures m\u00e9s tradicionals fins a les m\u00e9s ex\u00f2tiques i especialitzades.<\/p>\n<p>Dins de la categoria de fulles verdes, Baldiri Vil\u00e0, prove\u00efdor de verdures, <strong>ofereix una selecci\u00f3 incomparable que inclou enciams de diferents varietats, com el cruixent enciam roman, el tendre enciam de fulla de roure i el refrescant enciam iceberg.<\/strong> Tamb\u00e9 hi s\u00f3n presents els espinacs frescos, coneguts pel seu alt contingut de nutrients, i la ruca, que afegeix un toc picant a les amanides i plats.<\/p>\n<p>Pel que fa a les arrels i tubercles, Baldiri Vil\u00e0, prove\u00efdor de verdures a Mercabarna, <strong>proporciona pastanagues dolces i sucoses, remolatxes de colors vibrants i patates de diferents varietats, des de les cl\u00e0ssiques patates blanques fins a les patates vermelles i les patates dolces.<\/strong> Aquestes verdures vers\u00e0tils poden ser utilitzades en una \u00e0mplia varietat de preparacions culin\u00e0ries, des de sopes i guisats fins a rostits i pur\u00e9s.<\/p>\n<p>Les cruc\u00edferes, conegudes pels seus beneficis per a la salut, tamb\u00e9 tenen lloc al cat\u00e0leg de Baldiri Vil\u00e0, prove\u00efdor de verdures, a Mercabarna. Aqu\u00ed es troben el <strong>br\u00f2quil, amb el caracter\u00edstic color verd i la textura cruixent, i la coliflor, que es destaca pel seu suau sabor i la seva capacitat per adaptar-se a diferents receptes.<\/strong> Aquestes verdures s\u00f3n riques en nutrients essencials i es consideren excel\u00b7lents opcions per a una alimentaci\u00f3 equilibrada.<\/p>\n<p>Baldiri Vil\u00e0, prove\u00efdor de verdures a Mercabarna, <strong>tamb\u00e9 satisf\u00e0 la demanda de solan\u00e0cies, com els tom\u00e0quets i els pebrots.<\/strong> Els tom\u00e0quets, disponibles en varietats com el suc\u00f3s tom\u00e0quet d&#8217;amanida, el tom\u00e0quet cherry i el tom\u00e0quet Raf, s\u00f3n ideals per a amanides, salses i plats mediterranis. Els pebrots, per la seva banda, es presenten en una \u00e0mplia gamma de colors i sabors, des dels dol\u00e7os pebrots vermells fins als picants pebrots jalape\u00f1os.<\/p>\n<p>A m\u00e9s d&#8217;aquestes categories principals, Baldiri Vil\u00e0, prove\u00efdor de verdures, a Mercabarna, <strong>ofereix altres verdures fresques com cogombres, carbassons, cebes, alls i m\u00e9s.<\/strong> El seu objectiu \u00e9s satisfer les necessitats i prefer\u00e8ncies dels seus clients, brindant-los una varietat d&#8217;opcions fresques i saboroses per enriquir les receptes i els plats.<\/p>\n<p>[\/et_pb_text][\/et_pb_column][\/et_pb_row][et_pb_row _builder_version=\u00bb4.21.0&#8243; _module_preset=\u00bbdefault\u00bb global_colors_info=\u00bb{}\u00bb][et_pb_column type=\u00bb4_4&#8243; _builder_version=\u00bb4.21.0&#8243; _module_preset=\u00bbdefault\u00bb global_colors_info=\u00bb{}\u00bb][et_pb_image src=\u00bbhttps:\/\/baldirivila.com\/wp-content\/uploads\/2023\/07\/bossa-verdures-scaled.jpeg\u00bb alt=\u00bbBossa de verdures\u00bb title_text=\u00bbBossa de verdures\u00bb _builder_version=\u00bb4.22.1&#8243; _module_preset=\u00bbdefault\u00bb width=\u00bb70%\u00bb module_alignment=\u00bbcenter\u00bb global_colors_info=\u00bb{}\u00bb][\/et_pb_image][\/et_pb_column][\/et_pb_row][\/et_pb_section][et_pb_section fb_built=\u00bb1&#8243; module_id=\u00bbcompromis-qualitat\u00bb _builder_version=\u00bb4.27.3&#8243; _module_preset=\u00bbdefault\u00bb global_colors_info=\u00bb{}\u00bb][et_pb_row _builder_version=\u00bb4.21.0&#8243; _module_preset=\u00bbdefault\u00bb max_width=\u00bb1300px\u00bb global_colors_info=\u00bb{}\u00bb][et_pb_column type=\u00bb4_4&#8243; _builder_version=\u00bb4.21.0&#8243; _module_preset=\u00bbdefault\u00bb global_colors_info=\u00bb{}\u00bb][et_pb_text _builder_version=\u00bb4.21.0&#8243; _module_preset=\u00bbdefault\u00bb header_font=\u00bbPoppins||||||||\u00bb header_2_font=\u00bbDancing Script|500|||||||\u00bb header_2_font_size=\u00bb40px\u00bb locked=\u00bboff\u00bb global_colors_info=\u00bb{}\u00bb]<\/p>\n<h2><span style=\"font-weight: 200; font-family: Poppins; text-transform: uppercase;\">Comprom\u00eds amb la qualitat i la frescor<\/span><\/h2>\n<p>[\/et_pb_text][\/et_pb_column][\/et_pb_row][et_pb_row _builder_version=\u00bb4.21.0&#8243; _module_preset=\u00bbdefault\u00bb max_width=\u00bb1300px\u00bb global_colors_info=\u00bb{}\u00bb][et_pb_column type=\u00bb4_4&#8243; _builder_version=\u00bb4.21.0&#8243; _module_preset=\u00bbdefault\u00bb global_colors_info=\u00bb{}\u00bb][et_pb_text _builder_version=\u00bb4.21.0&#8243; _module_preset=\u00bbdefault\u00bb text_font=\u00bbPoppins|300|||||||\u00bb locked=\u00bboff\u00bb global_colors_info=\u00bb{}\u00bb]<\/p>\n<p>Un dels pilars fonamentals de Baldiri Vil\u00e0 \u00e9s el seu <strong>indestructible comprom\u00eds com a prove\u00efdor de verdures a Mercabarna amb la qualitat i la frescor de les verdures que distribueix.<\/strong> Des del moment en qu\u00e8 les verdures s\u00f3n collides fins que arriben als punts de venda, Baldiri Vil\u00e0 s&#8217;assegura que cada pas del proc\u00e9s compleixi els m\u00e9s alts est\u00e0ndards de qualitat.<\/p>\n<p><strong>Per garantir la frescor dels seus productes, Baldiri Vil\u00e0 estableix relacions s\u00f2lides i directes amb els pagesos locals.<\/strong> Treballant en estreta col\u00b7laboraci\u00f3 amb ells, l&#8217;empresa selecciona acuradament els prove\u00efdors de verdures que compleixen criteris rigorosos de cultiu i recol\u00b7lecci\u00f3. Aix\u00f2 permet que les verdures es cullen en el moment \u00f2ptim de maduresa i es lliurin als clients amb la m\u00e0xima frescor.<\/p>\n<p><strong>A m\u00e9s, Baldiri Vil\u00e0 implementa estrictes controls de qualitat a cada etapa del proc\u00e9s.<\/strong> Abans de ser acceptades per a la seva distribuci\u00f3, les verdures s\u00f3n sotmeses a rigoroses inspeccions visuals i proves de frescor. Aquests controls garanteixen que nom\u00e9s les verdures de la m\u00e9s alta qualitat i frescor arribin als clients.<\/p>\n<p><strong>L&#8217;empresa tamb\u00e9 es regeix per estrictes normatives sanit\u00e0ries i de seguretat aliment\u00e0ria.<\/strong> Baldiri Vil\u00e0 s&#8217;assegura que totes les verdures compleixin els requisits d&#8217;innocu\u00eftat i tra\u00e7abilitat, brindant als clients la confian\u00e7a que estan adquirint productes segurs i de qualitat. Aix\u00ed mateix, es mantenen al corrent de les darreres regulacions i bones pr\u00e0ctiques del sector com a prove\u00efdor de verdures per assegurar l&#8217;excel\u00b7l\u00e8ncia en els seus processos i productes.<\/p>\n<p><strong>La frescor de les verdures es preserva durant tot el proc\u00e9s log\u00edstic de distribuci\u00f3.<\/strong> Baldiri Vil\u00e0 utilitza tecnologia avan\u00e7ada i m\u00e8todes de transport adequats, com ara cambres frigor\u00edfiques i condicions de temperatura controlada, per mantenir la cadena de fred i garantir que les verdures arribin als punts de venda en \u00f2ptimes condicions.<\/p>\n<p><strong>Aix\u00ed mateix, Baldiri Vil\u00e0 ent\u00e9n la import\u00e0ncia de la sostenibilitat en la producci\u00f3 d&#8217;aliments.<\/strong> Per aix\u00f2, promou pr\u00e0ctiques agr\u00edcoles responsables que redueixen l&#8217;impacte ambiental i preserven els recursos naturals. Treballa en estreta col\u00b7laboraci\u00f3 amb els agricultors locals com a prove\u00efdor de verdures a Mercabarna per fomentar l&#8217;agricultura sostenible, incloent-hi l&#8217;\u00fas eficient de l&#8217;aigua, la conservaci\u00f3 del s\u00f2l i la minimitzaci\u00f3 de residus.<\/p>\n<p>[\/et_pb_text][\/et_pb_column][\/et_pb_row][et_pb_row _builder_version=\u00bb4.21.0&#8243; _module_preset=\u00bbdefault\u00bb global_colors_info=\u00bb{}\u00bb][et_pb_column type=\u00bb4_4&#8243; _builder_version=\u00bb4.21.0&#8243; _module_preset=\u00bbdefault\u00bb global_colors_info=\u00bb{}\u00bb][et_pb_image src=\u00bbhttps:\/\/baldirivila.com\/wp-content\/uploads\/2023\/07\/tall-verdures-scaled.jpeg\u00bb alt=\u00bbPersona tallant verdures\u00bb title_text=\u00bbPersona tallant verdures\u00bb _builder_version=\u00bb4.22.1&#8243; _module_preset=\u00bbdefault\u00bb width=\u00bb70%\u00bb module_alignment=\u00bbcenter\u00bb global_colors_info=\u00bb{}\u00bb][\/et_pb_image][\/et_pb_column][\/et_pb_row][\/et_pb_section][et_pb_section fb_built=\u00bb1&#8243; module_id=\u00bbservei-logistica\u00bb _builder_version=\u00bb4.27.3&#8243; _module_preset=\u00bbdefault\u00bb global_colors_info=\u00bb{}\u00bb][et_pb_row _builder_version=\u00bb4.21.0&#8243; _module_preset=\u00bbdefault\u00bb max_width=\u00bb1300px\u00bb global_colors_info=\u00bb{}\u00bb][et_pb_column type=\u00bb4_4&#8243; _builder_version=\u00bb4.21.0&#8243; _module_preset=\u00bbdefault\u00bb global_colors_info=\u00bb{}\u00bb][et_pb_text _builder_version=\u00bb4.21.0&#8243; _module_preset=\u00bbdefault\u00bb header_font=\u00bbPoppins||||||||\u00bb header_2_font=\u00bbDancing Script|500|||||||\u00bb header_2_font_size=\u00bb40px\u00bb locked=\u00bboff\u00bb global_colors_info=\u00bb{}\u00bb]<\/p>\n<h2><span style=\"font-weight: 200; font-family: Poppins; text-transform: uppercase;\">Servei al client i log\u00edstica eficient<\/span><\/h2>\n<p>[\/et_pb_text][\/et_pb_column][\/et_pb_row][et_pb_row _builder_version=\u00bb4.21.0&#8243; _module_preset=\u00bbdefault\u00bb max_width=\u00bb1300px\u00bb global_colors_info=\u00bb{}\u00bb][et_pb_column type=\u00bb4_4&#8243; _builder_version=\u00bb4.21.0&#8243; _module_preset=\u00bbdefault\u00bb global_colors_info=\u00bb{}\u00bb][et_pb_text _builder_version=\u00bb4.21.0&#8243; _module_preset=\u00bbdefault\u00bb text_font=\u00bbPoppins|300|||||||\u00bb locked=\u00bboff\u00bb global_colors_info=\u00bb{}\u00bb]<\/p>\n<p>Baldiri Vil\u00e0 no nom\u00e9s es distingeix com a prove\u00efdor de verdures a Mercabarna, sin\u00f3 <strong>tamb\u00e9 per la seva dedicaci\u00f3 a oferir un servei al client excepcional i una log\u00edstica eficient<\/strong> en la distribuci\u00f3 dels seus productes.<\/p>\n<p><strong>L&#8217;empresa s&#8217;enorgulleix de comptar amb un equip altament capacitat i comprom\u00e8s amb la satisfacci\u00f3 del client.<\/strong> Des del moment en qu\u00e8 els clients fan les comandes, Baldiri Vil\u00e0 s&#8217;assegura de brindar-los una atenci\u00f3 personalitzada, escoltant les seves necessitats i adaptant-se a les seves prefer\u00e8ncies. Ja sigui que es tracti d&#8217;un detallista o restaurant, l&#8217;empresa compr\u00e8n la import\u00e0ncia de la puntualitat i la confian\u00e7a en el lliurament de les verdures a Mercabarna.<\/p>\n<p><strong>Per garantir una log\u00edstica eficient, Baldiri Vil\u00e0 ha invertit en tecnologia i en processos avan\u00e7ats.<\/strong> Compte amb un sistema de gesti\u00f3 d&#8217;inventari i comandes que permet un seguiment prec\u00eds de la disponibilitat dels productes i agilitza el proc\u00e9s de preparaci\u00f3 i entrega de les comandes. Aix\u00f2 garanteix que els clients rebin les verdures sol\u00b7licitades a Mercabarna en el moment adequat i en les quantitats requerides.<\/p>\n<p>A m\u00e9s, Baldiri Vil\u00e0 <strong>utilitza m\u00e8todes de transport adequats per preservar la qualitat i la frescor de les verdures a Mercabarna durant la distribuci\u00f3.<\/strong> Disposa de vehicles refrigerats i cambres frigor\u00edfiques que mantenen una temperatura \u00f2ptima durant tot el trajecte, assegurant que les verdures a Mercabarna arribin en condicions \u00f2ptimes als punts de venda.<\/p>\n<p>L&#8217;empresa tamb\u00e9 es destaca per la <strong>capacitat d&#8217;adaptaci\u00f3 a les necessitats canviants dels clients.<\/strong> Compr\u00e8n que cada client \u00e9s \u00fanic i pot tenir requisits espec\u00edfics en termes de varietat de productes, quantitats i freq\u00fc\u00e8ncia de lliurament. Per tant, Baldiri Vil\u00e0 treballa en estreta col\u00b7laboraci\u00f3 amb els clients com a prove\u00efdor de verdures per proporcionar solucions personalitzades que s&#8217;ajustin a les seves necessitats individuals.<\/p>\n<p>A m\u00e9s del servei al client, <strong>Baldiri Vil\u00e0 ofereix assessorament i suport als seus clients en relaci\u00f3 amb la selecci\u00f3 i \u00fas de les verdures a Mercabarna.<\/strong> El vostre equip d&#8217;experts en productes est\u00e0 capacitat per proporcionar informaci\u00f3 detallada sobre cada verdura, incloent-hi consells d&#8217;emmagatzematge, receptes i suggeriments culinaris. Aquesta atenci\u00f3 personalitzada i coneixement especialitzat ajuda els clients a aprofitar al m\u00e0xim les verdures fresques a Mercabarna que adquireixen.<\/p>\n<p>[\/et_pb_text][\/et_pb_column][\/et_pb_row][et_pb_row _builder_version=\u00bb4.21.0&#8243; _module_preset=\u00bbdefault\u00bb global_colors_info=\u00bb{}\u00bb][et_pb_column type=\u00bb4_4&#8243; _builder_version=\u00bb4.21.0&#8243; _module_preset=\u00bbdefault\u00bb global_colors_info=\u00bb{}\u00bb][et_pb_image src=\u00bbhttps:\/\/baldirivila.com\/wp-content\/uploads\/2023\/07\/caixes-amb-melons-scaled.jpeg\u00bb alt=\u00bbMelons en caixes\u00bb title_text=\u00bbMelons en caixes\u00bb _builder_version=\u00bb4.22.1&#8243; _module_preset=\u00bbdefault\u00bb width=\u00bb70%\u00bb module_alignment=\u00bbcenter\u00bb global_colors_info=\u00bb{}\u00bb][\/et_pb_image][\/et_pb_column][\/et_pb_row][\/et_pb_section][et_pb_section fb_built=\u00bb1&#8243; module_id=\u00bbconclusio\u00bb _builder_version=\u00bb4.27.3&#8243; _module_preset=\u00bbdefault\u00bb global_colors_info=\u00bb{}\u00bb][et_pb_row _builder_version=\u00bb4.21.0&#8243; _module_preset=\u00bbdefault\u00bb max_width=\u00bb1300px\u00bb global_colors_info=\u00bb{}\u00bb][et_pb_column type=\u00bb4_4&#8243; _builder_version=\u00bb4.21.0&#8243; _module_preset=\u00bbdefault\u00bb global_colors_info=\u00bb{}\u00bb][et_pb_text _builder_version=\u00bb4.21.0&#8243; _module_preset=\u00bbdefault\u00bb header_font=\u00bbPoppins||||||||\u00bb header_2_font=\u00bbDancing Script|500|||||||\u00bb header_2_font_size=\u00bb40px\u00bb locked=\u00bboff\u00bb global_colors_info=\u00bb{}\u00bb]<\/p>\n<h2><span style=\"font-weight: 200; font-family: Poppins; text-transform: uppercase;\">Conclusi\u00f3<\/span><\/h2>\n<p>[\/et_pb_text][\/et_pb_column][\/et_pb_row][et_pb_row _builder_version=\u00bb4.21.0&#8243; _module_preset=\u00bbdefault\u00bb max_width=\u00bb1300px\u00bb global_colors_info=\u00bb{}\u00bb][et_pb_column type=\u00bb4_4&#8243; _builder_version=\u00bb4.21.0&#8243; _module_preset=\u00bbdefault\u00bb global_colors_info=\u00bb{}\u00bb][et_pb_text _builder_version=\u00bb4.21.0&#8243; _module_preset=\u00bbdefault\u00bb text_font=\u00bbPoppins|300|||||||\u00bb locked=\u00bboff\u00bb global_colors_info=\u00bb{}\u00bb]<strong>Baldiri Vil\u00e0 s&#8217;ha consolidat com un prove\u00efdor de verdures a Mercabarna de confian\u00e7a en el mercat majorista.<\/strong> La seva \u00e0mplia varietat de productes frescos, el seu comprom\u00eds amb la qualitat i la frescor, aix\u00ed com el seu enfocament al servei al client, en fan una elecci\u00f3 destacada per a aquells que busquen verdures a Mercabarna d&#8217;alta qualitat.[\/et_pb_text][\/et_pb_column][\/et_pb_row][\/et_pb_section][et_pb_section fb_built=\u00bb1&#8243; _builder_version=\u00bb4.21.0&#8243; _module_preset=\u00bbdefault\u00bb background_color=\u00bb#fcfcfc\u00bb custom_padding=\u00bb100px||100px||true|false\u00bb locked=\u00bboff\u00bb global_colors_info=\u00bb{}\u00bb][et_pb_row _builder_version=\u00bb4.17.1&#8243; _module_preset=\u00bbdefault\u00bb global_colors_info=\u00bb{}\u00bb][et_pb_column type=\u00bb4_4&#8243; _builder_version=\u00bb4.17.1&#8243; _module_preset=\u00bbdefault\u00bb global_colors_info=\u00bb{}\u00bb][et_pb_text _builder_version=\u00bb4.17.1&#8243; _module_preset=\u00bbdefault\u00bb header_2_font=\u00bbDancing Script||||||||\u00bb header_2_text_align=\u00bbcenter\u00bb header_2_font_size=\u00bb40px\u00bb custom_margin=\u00bb||15px||false|false\u00bb custom_padding=\u00bb||||false|false\u00bb global_colors_info=\u00bb{}\u00bb]<\/p>\n<h2><span style=\"font-size: 70px;\">Parlem?<\/span><\/h2>\n<p>[\/et_pb_text][et_pb_divider color=\u00bb#d39c04&#8243; divider_weight=\u00bb3px\u00bb _builder_version=\u00bb4.17.1&#8243; _module_preset=\u00bbdefault\u00bb width=\u00bb15%\u00bb module_alignment=\u00bbcenter\u00bb global_colors_info=\u00bb{}\u00bb][\/et_pb_divider][et_pb_text _builder_version=\u00bb4.17.1&#8243; _module_preset=\u00bbdefault\u00bb text_font=\u00bbPoppins|300|||||||\u00bb text_font_size=\u00bb16px\u00bb text_orientation=\u00bbcenter\u00bb global_colors_info=\u00bb{}\u00bb]Ens pot contactar per tel\u00e8fon, al <span style=\"font-weight: 500\">932 631 593<\/span>, per e-mail a <span style=\"font-weight: 500\">info@baldirivila.com<\/span> o omplint el formulari de contacte[\/et_pb_text][\/et_pb_column][\/et_pb_row][et_pb_row column_structure=\u00bb1_2,1_2&#8243; make_equal=\u00bbon\u00bb _builder_version=\u00bb4.17.1&#8243; _module_preset=\u00bbdefault\u00bb max_width=\u00bb1300px\u00bb global_colors_info=\u00bb{}\u00bb][et_pb_column type=\u00bb1_2&#8243; _builder_version=\u00bb4.17.1&#8243; _module_preset=\u00bbdefault\u00bb custom_css_main_element=\u00bbdisplay: flex;||flex-direction: column;||justify-content: center;\u00bb global_colors_info=\u00bb{}\u00bb][et_pb_image src=\u00bbhttps:\/\/baldirivila.com\/wp-content\/uploads\/2022\/12\/logo.png\u00bb alt=\u00bbLogo de Pastisseria i forn de pa Forn\u00e9s\u00bb title_text=\u00bbim333age\u00bb align=\u00bbcenter\u00bb _builder_version=\u00bb4.17.1&#8243; _module_preset=\u00bbdefault\u00bb max_width=\u00bb50%\u00bb module_alignment=\u00bbcenter\u00bb global_colors_info=\u00bb{}\u00bb][\/et_pb_image][et_pb_text _builder_version=\u00bb4.21.0&#8243; _module_preset=\u00bbdefault\u00bb text_font=\u00bbPoppins||||||||\u00bb text_font_size=\u00bb16px\u00bb link_text_color=\u00bb#966e00&#8243; text_orientation=\u00bbcenter\u00bb custom_padding=\u00bb||2vh||false|false\u00bb locked=\u00bboff\u00bb global_colors_info=\u00bb{}\u00bb]<\/p>\n<p>Tel\u00e8fon: 932 631 593<br \/>Email: <a href=\"mailto:info@baldirivila.com\">info@baldirivila.com<\/a><\/p>\n<p>[\/et_pb_text][et_pb_social_media_follow use_icon_font_size=\u00bbon\u00bb icon_font_size=\u00bb30px\u00bb _builder_version=\u00bb4.22.2&#8243; _module_preset=\u00bbdefault\u00bb custom_button=\u00bbon\u00bb transform_translate=\u00bb1vw|0px\u00bb transform_translate_linked=\u00bboff\u00bb text_orientation=\u00bbcenter\u00bb custom_css_social_icon=\u00bbmargin-right: 2vw\u00bb border_radii=\u00bbon|30px|30px|30px|30px\u00bb global_colors_info=\u00bb{}\u00bb icon_color__hover_enabled=\u00bboff|desktop\u00bb][et_pb_social_media_follow_network social_network=\u00bbfacebook\u00bb url=\u00bbhttps:\/\/www.facebook.com\/profile.php?id=61550965973332&#8243; _builder_version=\u00bb4.22.2&#8243; _module_preset=\u00bbdefault\u00bb background_color=\u00bb#3b5998&#8243; global_colors_info=\u00bb{}\u00bb follow_button=\u00bboff\u00bb url_new_window=\u00bbon\u00bb]facebook[\/et_pb_social_media_follow_network][et_pb_social_media_follow_network social_network=\u00bbinstagram\u00bb url=\u00bbhttps:\/\/www.instagram.com\/baldiri_vila\/\u00bb _builder_version=\u00bb4.21.0&#8243; _module_preset=\u00bbdefault\u00bb background_color=\u00bb#ea2c59&#8243; global_colors_info=\u00bb{}\u00bb follow_button=\u00bboff\u00bb url_new_window=\u00bbon\u00bb]instagram[\/et_pb_social_media_follow_network][\/et_pb_social_media_follow][\/et_pb_column][et_pb_column type=\u00bb1_2&#8243; _builder_version=\u00bb4.17.4&#8243; _module_preset=\u00bbdefault\u00bb global_colors_info=\u00bb{}\u00bb][et_pb_contact_form use_spam_service=\u00bbon\u00bb recaptcha_list=\u00bbDefault|Default-0&#8243; email=\u00bbinfo@baldirivila.com\u00bb custom_message=\u00bbCorreu des de la WEB baldirivila.com||et_pb_line_break_holder||||et_pb_line_break_holder||Nom: %%Name%%||et_pb_line_break_holder||Tel\u00e8fon: %%Telefon%%||et_pb_line_break_holder||Correu: %%Email%%||et_pb_line_break_holder||Missatge: %%message%%\u00bb submit_button_text=\u00bbEnvia\u00bb _builder_version=\u00bb4.27.0&#8243; _module_preset=\u00bbdefault\u00bb _unique_id=\u00bb20bffa56-eae1-4940-9a0e-452dfd6986fb\u00bb form_field_background_color=\u00bb#FFFFFF\u00bb custom_button=\u00bbon\u00bb button_text_color=\u00bb#FFFFFF\u00bb button_bg_color=\u00bb#987000&#8243; button_border_width=\u00bb0px\u00bb custom_margin=\u00bb||||false|false\u00bb custom_margin_tablet=\u00bb||||false|true\u00bb custom_margin_last_edited=\u00bboff|phone\u00bb border_width_all=\u00bb2px\u00bb border_color_all=\u00bb#D39C04&#8243; locked=\u00bboff\u00bb global_colors_info=\u00bb{}\u00bb][et_pb_contact_field field_id=\u00bbName\u00bb field_title=\u00bbNom *\u00bb fullwidth_field=\u00bbon\u00bb _builder_version=\u00bb4.27.0&#8243; global_colors_info=\u00bb{}\u00bb button_text_size__hover_enabled=\u00bboff\u00bb button_one_text_size__hover_enabled=\u00bboff\u00bb button_two_text_size__hover_enabled=\u00bboff\u00bb button_text_color__hover_enabled=\u00bboff\u00bb button_one_text_color__hover_enabled=\u00bboff\u00bb button_two_text_color__hover_enabled=\u00bboff\u00bb button_border_width__hover_enabled=\u00bboff\u00bb button_one_border_width__hover_enabled=\u00bboff\u00bb button_two_border_width__hover_enabled=\u00bboff\u00bb button_border_color__hover_enabled=\u00bboff\u00bb button_one_border_color__hover_enabled=\u00bboff\u00bb button_two_border_color__hover_enabled=\u00bboff\u00bb button_border_radius__hover_enabled=\u00bboff\u00bb button_one_border_radius__hover_enabled=\u00bboff\u00bb button_two_border_radius__hover_enabled=\u00bboff\u00bb button_letter_spacing__hover_enabled=\u00bboff\u00bb button_one_letter_spacing__hover_enabled=\u00bboff\u00bb button_two_letter_spacing__hover_enabled=\u00bboff\u00bb button_bg_color__hover_enabled=\u00bboff\u00bb button_one_bg_color__hover_enabled=\u00bboff\u00bb button_two_bg_color__hover_enabled=\u00bboff\u00bb][\/et_pb_contact_field][et_pb_contact_field field_id=\u00bbTelefon\u00bb field_title=\u00bbTel\u00e8fon\u00bb required_mark=\u00bboff\u00bb _builder_version=\u00bb4.27.0&#8243; global_colors_info=\u00bb{}\u00bb button_text_size__hover_enabled=\u00bboff\u00bb button_one_text_size__hover_enabled=\u00bboff\u00bb button_two_text_size__hover_enabled=\u00bboff\u00bb button_text_color__hover_enabled=\u00bboff\u00bb button_one_text_color__hover_enabled=\u00bboff\u00bb button_two_text_color__hover_enabled=\u00bboff\u00bb button_border_width__hover_enabled=\u00bboff\u00bb button_one_border_width__hover_enabled=\u00bboff\u00bb button_two_border_width__hover_enabled=\u00bboff\u00bb button_border_color__hover_enabled=\u00bboff\u00bb button_one_border_color__hover_enabled=\u00bboff\u00bb button_two_border_color__hover_enabled=\u00bboff\u00bb button_border_radius__hover_enabled=\u00bboff\u00bb button_one_border_radius__hover_enabled=\u00bboff\u00bb button_two_border_radius__hover_enabled=\u00bboff\u00bb button_letter_spacing__hover_enabled=\u00bboff\u00bb button_one_letter_spacing__hover_enabled=\u00bboff\u00bb button_two_letter_spacing__hover_enabled=\u00bboff\u00bb button_bg_color__hover_enabled=\u00bboff\u00bb button_one_bg_color__hover_enabled=\u00bboff\u00bb button_two_bg_color__hover_enabled=\u00bboff\u00bb][\/et_pb_contact_field][et_pb_contact_field field_id=\u00bbEmail\u00bb field_title=\u00bbAdre\u00e7a de correu electr\u00f2nic *\u00bb field_type=\u00bbemail\u00bb _builder_version=\u00bb4.27.0&#8243; global_colors_info=\u00bb{}\u00bb button_text_size__hover_enabled=\u00bboff\u00bb button_one_text_size__hover_enabled=\u00bboff\u00bb button_two_text_size__hover_enabled=\u00bboff\u00bb button_text_color__hover_enabled=\u00bboff\u00bb button_one_text_color__hover_enabled=\u00bboff\u00bb button_two_text_color__hover_enabled=\u00bboff\u00bb button_border_width__hover_enabled=\u00bboff\u00bb button_one_border_width__hover_enabled=\u00bboff\u00bb button_two_border_width__hover_enabled=\u00bboff\u00bb button_border_color__hover_enabled=\u00bboff\u00bb button_one_border_color__hover_enabled=\u00bboff\u00bb button_two_border_color__hover_enabled=\u00bboff\u00bb button_border_radius__hover_enabled=\u00bboff\u00bb button_one_border_radius__hover_enabled=\u00bboff\u00bb button_two_border_radius__hover_enabled=\u00bboff\u00bb button_letter_spacing__hover_enabled=\u00bboff\u00bb button_one_letter_spacing__hover_enabled=\u00bboff\u00bb button_two_letter_spacing__hover_enabled=\u00bboff\u00bb button_bg_color__hover_enabled=\u00bboff\u00bb button_one_bg_color__hover_enabled=\u00bboff\u00bb button_two_bg_color__hover_enabled=\u00bboff\u00bb][\/et_pb_contact_field][et_pb_contact_field field_id=\u00bbMessage\u00bb field_title=\u00bbMissatge *\u00bb field_type=\u00bbtext\u00bb fullwidth_field=\u00bbon\u00bb _builder_version=\u00bb4.27.0&#8243; global_colors_info=\u00bb{}\u00bb button_text_size__hover_enabled=\u00bboff\u00bb button_one_text_size__hover_enabled=\u00bboff\u00bb button_two_text_size__hover_enabled=\u00bboff\u00bb button_text_color__hover_enabled=\u00bboff\u00bb button_one_text_color__hover_enabled=\u00bboff\u00bb button_two_text_color__hover_enabled=\u00bboff\u00bb button_border_width__hover_enabled=\u00bboff\u00bb button_one_border_width__hover_enabled=\u00bboff\u00bb button_two_border_width__hover_enabled=\u00bboff\u00bb button_border_color__hover_enabled=\u00bboff\u00bb button_one_border_color__hover_enabled=\u00bboff\u00bb button_two_border_color__hover_enabled=\u00bboff\u00bb button_border_radius__hover_enabled=\u00bboff\u00bb button_one_border_radius__hover_enabled=\u00bboff\u00bb button_two_border_radius__hover_enabled=\u00bboff\u00bb button_letter_spacing__hover_enabled=\u00bboff\u00bb button_one_letter_spacing__hover_enabled=\u00bboff\u00bb button_two_letter_spacing__hover_enabled=\u00bboff\u00bb button_bg_color__hover_enabled=\u00bboff\u00bb button_one_bg_color__hover_enabled=\u00bboff\u00bb button_two_bg_color__hover_enabled=\u00bboff\u00bb][\/et_pb_contact_field][et_pb_contact_field field_id=\u00bbField_4&#8243; field_title=\u00bb \u00bb field_type=\u00bbcheckbox\u00bb checkbox_options=\u00bb%91{%22value%22:%22Accepto la %22,%22checked%22:0,%22dragID%22:-1,%22link_text%22:%22Pol\u00edtica de privacitat%22,%22link_url%22:%22https:\/\/baldirivila.com\/politica-de-privacitat\/%22}%93&#8243; fullwidth_field=\u00bbon\u00bb _builder_version=\u00bb4.22.1&#8243; _module_preset=\u00bbdefault\u00bb global_colors_info=\u00bb{}\u00bb][\/et_pb_contact_field][\/et_pb_contact_form][et_pb_text _builder_version=\u00bb4.21.0&#8243; _module_preset=\u00bbdefault\u00bb link_text_color=\u00bb#966e00&#8243; locked=\u00bboff\u00bb global_colors_info=\u00bb{}\u00bb]<\/p>\n<p>Aquest lloc est\u00e0 protegit per reCAPTCHA i s\u2019apliquen la <a href=\"https:\/\/policies.google.com\/privacy\">Pol\u00edtica de privadesa<\/a> i les <a href=\"https:\/\/policies.google.com\/terms\">Condicions del servei<\/a> de Google.<\/p>\n<p>[\/et_pb_text][\/et_pb_column][\/et_pb_row][\/et_pb_section]<\/p>\n","protected":false},"excerpt":{"rendered":"<p>En cette \u00e8re o\u00f9 manger sainement est devenu une priorit\u00e9, l&#039;importance de consommer des l\u00e9gumes frais et de qualit\u00e9 est primordiale. \u00c0 Mercabarna, l&#039;un des principaux march\u00e9s alimentaires de gros de Barcelone, la distribution de l\u00e9gumes \u00e0 Mercabarna par Baldiri Vil\u00e0, un important fournisseur de l\u00e9gumes \u00e0 Mercabarna, se d\u00e9marque. Dans cet article, nous explorerons la large gamme de l\u00e9gumes propos\u00e9e par Baldiri Vil\u00e0, leur engagement envers la qualit\u00e9 et le service client, ainsi que les avantages d&#039;incorporer ces l\u00e9gumes dans notre alimentation quotidienne.<\/p>","protected":false},"author":1,"featured_media":970,"comment_status":"closed","ping_status":"open","sticky":false,"template":"","format":"standard","meta":{"_et_pb_use_builder":"on","_et_pb_old_content":"","_et_gb_content_width":"2880","footnotes":""},"categories":[1],"tags":[],"class_list":["post-237","post","type-post","status-publish","format-standard","has-post-thumbnail","hentry","category-uncategorized"],"yoast_head":"<!-- This site is optimized with the Yoast SEO plugin v28.4 - https:\/\/yoast.com\/product\/yoast-seo-wordpress\/ -->\n<title>La qualitat i varietat a Baldiri Vil\u00e0, prove\u00efdor de verdures a Mercabarna - baldiri vil\u00e0<\/title>\n<meta name=\"description\" content=\"Descobreix qualitat i varietat a Baldiri Vil\u00e0, prove\u00efdor de verdures a Mercabarna: frescor garantida per als teus clients.\" \/>\n<meta name=\"robots\" content=\"index, follow, max-snippet:-1, max-image-preview:large, max-video-preview:-1\" \/>\n<link rel=\"canonical\" href=\"https:\/\/baldirivila.com\/fra\/fournisseur-de-legumes-du-village-baldiri-mercabarna\/\" \/>\n<meta property=\"og:locale\" content=\"fr_FR\" \/>\n<meta property=\"og:type\" content=\"article\" \/>\n<meta property=\"og:title\" content=\"La qualitat i varietat a Baldiri Vil\u00e0, prove\u00efdor de verdures a Mercabarna - baldiri vil\u00e0\" \/>\n<meta property=\"og:description\" content=\"Descobreix qualitat i varietat a Baldiri Vil\u00e0, prove\u00efdor de verdures a Mercabarna: frescor garantida per als teus clients.\" \/>\n<meta property=\"og:url\" content=\"https:\/\/baldirivila.com\/fra\/fournisseur-de-legumes-du-village-baldiri-mercabarna\/\" \/>\n<meta property=\"og:site_name\" content=\"baldiri vil\u00e0\" \/>\n<meta property=\"article:publisher\" content=\"https:\/\/www.facebook.com\/profile.php?id=61550965973332\" \/>\n<meta property=\"article:published_time\" content=\"2022-12-15T15:10:07+00:00\" \/>\n<meta property=\"article:modified_time\" content=\"2024-11-14T15:48:38+00:00\" \/>\n<meta property=\"og:image\" content=\"https:\/\/baldirivila.com\/wp-content\/uploads\/2023\/07\/verdures-sanes-scaled.jpeg\" \/>\n\t<meta property=\"og:image:width\" content=\"1920\" \/>\n\t<meta property=\"og:image:height\" content=\"1080\" \/>\n\t<meta property=\"og:image:type\" content=\"image\/jpeg\" \/>\n<meta name=\"author\" content=\"assisoft\" \/>\n<meta name=\"twitter:card\" content=\"summary_large_image\" \/>\n<meta name=\"twitter:label1\" content=\"\u00c9crit par\" \/>\n\t<meta name=\"twitter:data1\" content=\"assisoft\" \/>\n\t<meta name=\"twitter:label2\" content=\"Dur\u00e9e de lecture estim\u00e9e\" \/>\n\t<meta name=\"twitter:data2\" content=\"11 minutes\" \/>\n<script type=\"application\/ld+json\" class=\"yoast-schema-graph\">{\"@context\":\"https:\\\/\\\/schema.org\",\"@graph\":[{\"@type\":\"Article\",\"@id\":\"https:\\\/\\\/baldirivila.com\\\/baldiri-vila-proveidor-verdures-mercabarna\\\/#article\",\"isPartOf\":{\"@id\":\"https:\\\/\\\/baldirivila.com\\\/baldiri-vila-proveidor-verdures-mercabarna\\\/\"},\"author\":{\"name\":\"assisoft\",\"@id\":\"https:\\\/\\\/baldirivila.com\\\/#\\\/schema\\\/person\\\/e7a4b556c9ffcf6c8bbb96cd38cb5264\"},\"headline\":\"La qualitat i varietat a Baldiri Vil\u00e0, prove\u00efdor de verdures a Mercabarna\",\"datePublished\":\"2022-12-15T15:10:07+00:00\",\"dateModified\":\"2024-11-14T15:48:38+00:00\",\"mainEntityOfPage\":{\"@id\":\"https:\\\/\\\/baldirivila.com\\\/baldiri-vila-proveidor-verdures-mercabarna\\\/\"},\"wordCount\":4546,\"publisher\":{\"@id\":\"https:\\\/\\\/baldirivila.com\\\/#organization\"},\"image\":{\"@id\":\"https:\\\/\\\/baldirivila.com\\\/baldiri-vila-proveidor-verdures-mercabarna\\\/#primaryimage\"},\"thumbnailUrl\":\"https:\\\/\\\/baldirivila.com\\\/wp-content\\\/uploads\\\/2023\\\/07\\\/verdures-sanes-scaled.jpeg\",\"articleSection\":[\"Uncategorized\"],\"inLanguage\":\"fr-FR\"},{\"@type\":\"WebPage\",\"@id\":\"https:\\\/\\\/baldirivila.com\\\/baldiri-vila-proveidor-verdures-mercabarna\\\/\",\"url\":\"https:\\\/\\\/baldirivila.com\\\/baldiri-vila-proveidor-verdures-mercabarna\\\/\",\"name\":\"La qualitat i varietat a Baldiri Vil\u00e0, prove\u00efdor de verdures a Mercabarna - baldiri vil\u00e0\",\"isPartOf\":{\"@id\":\"https:\\\/\\\/baldirivila.com\\\/#website\"},\"primaryImageOfPage\":{\"@id\":\"https:\\\/\\\/baldirivila.com\\\/baldiri-vila-proveidor-verdures-mercabarna\\\/#primaryimage\"},\"image\":{\"@id\":\"https:\\\/\\\/baldirivila.com\\\/baldiri-vila-proveidor-verdures-mercabarna\\\/#primaryimage\"},\"thumbnailUrl\":\"https:\\\/\\\/baldirivila.com\\\/wp-content\\\/uploads\\\/2023\\\/07\\\/verdures-sanes-scaled.jpeg\",\"datePublished\":\"2022-12-15T15:10:07+00:00\",\"dateModified\":\"2024-11-14T15:48:38+00:00\",\"description\":\"Descobreix qualitat i varietat a Baldiri Vil\u00e0, prove\u00efdor de verdures a Mercabarna: frescor garantida per als teus clients.\",\"breadcrumb\":{\"@id\":\"https:\\\/\\\/baldirivila.com\\\/baldiri-vila-proveidor-verdures-mercabarna\\\/#breadcrumb\"},\"inLanguage\":\"fr-FR\",\"potentialAction\":[{\"@type\":\"ReadAction\",\"target\":[\"https:\\\/\\\/baldirivila.com\\\/baldiri-vila-proveidor-verdures-mercabarna\\\/\"]}]},{\"@type\":\"ImageObject\",\"inLanguage\":\"fr-FR\",\"@id\":\"https:\\\/\\\/baldirivila.com\\\/baldiri-vila-proveidor-verdures-mercabarna\\\/#primaryimage\",\"url\":\"https:\\\/\\\/baldirivila.com\\\/wp-content\\\/uploads\\\/2023\\\/07\\\/verdures-sanes-scaled.jpeg\",\"contentUrl\":\"https:\\\/\\\/baldirivila.com\\\/wp-content\\\/uploads\\\/2023\\\/07\\\/verdures-sanes-scaled.jpeg\",\"width\":1920,\"height\":1080,\"caption\":\"Verdures de Baldiri Vil\u00e0\"},{\"@type\":\"BreadcrumbList\",\"@id\":\"https:\\\/\\\/baldirivila.com\\\/baldiri-vila-proveidor-verdures-mercabarna\\\/#breadcrumb\",\"itemListElement\":[{\"@type\":\"ListItem\",\"position\":1,\"name\":\"Inici\",\"item\":\"https:\\\/\\\/baldirivila.com\\\/\"},{\"@type\":\"ListItem\",\"position\":2,\"name\":\"La qualitat i varietat a Baldiri Vil\u00e0, prove\u00efdor de verdures a Mercabarna\"}]},{\"@type\":\"WebSite\",\"@id\":\"https:\\\/\\\/baldirivila.com\\\/#website\",\"url\":\"https:\\\/\\\/baldirivila.com\\\/\",\"name\":\"baldiri vil\u00e0\",\"description\":\"Per tradici\u00f3 i qualitat, Baldiri Vil\u00e0\",\"publisher\":{\"@id\":\"https:\\\/\\\/baldirivila.com\\\/#organization\"},\"inLanguage\":\"fr-FR\"},{\"@type\":\"Organization\",\"@id\":\"https:\\\/\\\/baldirivila.com\\\/#organization\",\"name\":\"Baldiri Vil\u00e0\",\"url\":\"https:\\\/\\\/baldirivila.com\\\/\",\"logo\":{\"@type\":\"ImageObject\",\"inLanguage\":\"fr-FR\",\"@id\":\"https:\\\/\\\/baldirivila.com\\\/#\\\/schema\\\/logo\\\/image\\\/\",\"url\":\"https:\\\/\\\/baldirivila.com\\\/wp-content\\\/uploads\\\/2023\\\/06\\\/favicon.png\",\"contentUrl\":\"https:\\\/\\\/baldirivila.com\\\/wp-content\\\/uploads\\\/2023\\\/06\\\/favicon.png\",\"width\":50,\"height\":50,\"caption\":\"Baldiri Vil\u00e0\"},\"image\":{\"@id\":\"https:\\\/\\\/baldirivila.com\\\/#\\\/schema\\\/logo\\\/image\\\/\"},\"sameAs\":[\"https:\\\/\\\/www.facebook.com\\\/profile.php?id=61550965973332\",\"https:\\\/\\\/www.instagram.com\\\/baldiri_vila\\\/\"]},{\"@type\":\"Person\",\"@id\":\"https:\\\/\\\/baldirivila.com\\\/#\\\/schema\\\/person\\\/e7a4b556c9ffcf6c8bbb96cd38cb5264\",\"name\":\"assisoft\",\"image\":{\"@type\":\"ImageObject\",\"inLanguage\":\"fr-FR\",\"@id\":\"https:\\\/\\\/baldirivila.com\\\/wp-content\\\/litespeed\\\/avatar\\\/0ee51eaac491861c051954dde15c2d6e.jpg?ver=1788196690\",\"url\":\"https:\\\/\\\/baldirivila.com\\\/wp-content\\\/litespeed\\\/avatar\\\/0ee51eaac491861c051954dde15c2d6e.jpg?ver=1788196690\",\"contentUrl\":\"https:\\\/\\\/baldirivila.com\\\/wp-content\\\/litespeed\\\/avatar\\\/0ee51eaac491861c051954dde15c2d6e.jpg?ver=1788196690\",\"caption\":\"assisoft\"},\"sameAs\":[\"https:\\\/\\\/baldirivila.com\"]}]}<\/script>\n<!-- \/ Yoast SEO plugin. -->","yoast_head_json":{"title":"La qualit\u00e9 et la vari\u00e9t\u00e9 chez Baldiri Vil\u00e0, fournisseur de l\u00e9gumes \u00e0 Mercabarna - baldiri vil\u00e0","description":"D\u00e9couvrez la qualit\u00e9 et la vari\u00e9t\u00e9 chez Baldiri Vil\u00e0, fournisseur de l\u00e9gumes \u00e0 Mercabarna : fra\u00eecheur garantie pour vos clients.","robots":{"index":"index","follow":"follow","max-snippet":"max-snippet:-1","max-image-preview":"max-image-preview:large","max-video-preview":"max-video-preview:-1"},"canonical":"https:\/\/baldirivila.com\/fra\/fournisseur-de-legumes-du-village-baldiri-mercabarna\/","og_locale":"fr_FR","og_type":"article","og_title":"La qualitat i varietat a Baldiri Vil\u00e0, prove\u00efdor de verdures a Mercabarna - baldiri vil\u00e0","og_description":"Descobreix qualitat i varietat a Baldiri Vil\u00e0, prove\u00efdor de verdures a Mercabarna: frescor garantida per als teus clients.","og_url":"https:\/\/baldirivila.com\/fra\/fournisseur-de-legumes-du-village-baldiri-mercabarna\/","og_site_name":"baldiri vil\u00e0","article_publisher":"https:\/\/www.facebook.com\/profile.php?id=61550965973332","article_published_time":"2022-12-15T15:10:07+00:00","article_modified_time":"2024-11-14T15:48:38+00:00","og_image":[{"width":1920,"height":1080,"url":"https:\/\/baldirivila.com\/wp-content\/uploads\/2023\/07\/verdures-sanes-scaled.jpeg","type":"image\/jpeg"}],"author":"assisoft","twitter_card":"summary_large_image","twitter_misc":{"\u00c9crit par":"assisoft","Dur\u00e9e de lecture estim\u00e9e":"11 minutes"},"schema":{"@context":"https:\/\/schema.org","@graph":[{"@type":"Article","@id":"https:\/\/baldirivila.com\/baldiri-vila-proveidor-verdures-mercabarna\/#article","isPartOf":{"@id":"https:\/\/baldirivila.com\/baldiri-vila-proveidor-verdures-mercabarna\/"},"author":{"name":"assisoft","@id":"https:\/\/baldirivila.com\/#\/schema\/person\/e7a4b556c9ffcf6c8bbb96cd38cb5264"},"headline":"La qualitat i varietat a Baldiri Vil\u00e0, prove\u00efdor de verdures a Mercabarna","datePublished":"2022-12-15T15:10:07+00:00","dateModified":"2024-11-14T15:48:38+00:00","mainEntityOfPage":{"@id":"https:\/\/baldirivila.com\/baldiri-vila-proveidor-verdures-mercabarna\/"},"wordCount":4546,"publisher":{"@id":"https:\/\/baldirivila.com\/#organization"},"image":{"@id":"https:\/\/baldirivila.com\/baldiri-vila-proveidor-verdures-mercabarna\/#primaryimage"},"thumbnailUrl":"https:\/\/baldirivila.com\/wp-content\/uploads\/2023\/07\/verdures-sanes-scaled.jpeg","articleSection":["Uncategorized"],"inLanguage":"fr-FR"},{"@type":"WebPage","@id":"https:\/\/baldirivila.com\/baldiri-vila-proveidor-verdures-mercabarna\/","url":"https:\/\/baldirivila.com\/baldiri-vila-proveidor-verdures-mercabarna\/","name":"La qualit\u00e9 et la vari\u00e9t\u00e9 chez Baldiri Vil\u00e0, fournisseur de l\u00e9gumes \u00e0 Mercabarna - baldiri vil\u00e0","isPartOf":{"@id":"https:\/\/baldirivila.com\/#website"},"primaryImageOfPage":{"@id":"https:\/\/baldirivila.com\/baldiri-vila-proveidor-verdures-mercabarna\/#primaryimage"},"image":{"@id":"https:\/\/baldirivila.com\/baldiri-vila-proveidor-verdures-mercabarna\/#primaryimage"},"thumbnailUrl":"https:\/\/baldirivila.com\/wp-content\/uploads\/2023\/07\/verdures-sanes-scaled.jpeg","datePublished":"2022-12-15T15:10:07+00:00","dateModified":"2024-11-14T15:48:38+00:00","description":"D\u00e9couvrez la qualit\u00e9 et la vari\u00e9t\u00e9 chez Baldiri Vil\u00e0, fournisseur de l\u00e9gumes \u00e0 Mercabarna : fra\u00eecheur garantie pour vos clients.","breadcrumb":{"@id":"https:\/\/baldirivila.com\/baldiri-vila-proveidor-verdures-mercabarna\/#breadcrumb"},"inLanguage":"fr-FR","potentialAction":[{"@type":"ReadAction","target":["https:\/\/baldirivila.com\/baldiri-vila-proveidor-verdures-mercabarna\/"]}]},{"@type":"ImageObject","inLanguage":"fr-FR","@id":"https:\/\/baldirivila.com\/baldiri-vila-proveidor-verdures-mercabarna\/#primaryimage","url":"https:\/\/baldirivila.com\/wp-content\/uploads\/2023\/07\/verdures-sanes-scaled.jpeg","contentUrl":"https:\/\/baldirivila.com\/wp-content\/uploads\/2023\/07\/verdures-sanes-scaled.jpeg","width":1920,"height":1080,"caption":"Verdures de Baldiri Vil\u00e0"},{"@type":"BreadcrumbList","@id":"https:\/\/baldirivila.com\/baldiri-vila-proveidor-verdures-mercabarna\/#breadcrumb","itemListElement":[{"@type":"ListItem","position":1,"name":"Inici","item":"https:\/\/baldirivila.com\/"},{"@type":"ListItem","position":2,"name":"La qualitat i varietat a Baldiri Vil\u00e0, prove\u00efdor de verdures a Mercabarna"}]},{"@type":"WebSite","@id":"https:\/\/baldirivila.com\/#website","url":"https:\/\/baldirivila.com\/","name":"baldiri vil\u00e0","description":"Pour la tradition et la qualit\u00e9, Baldiri Vil\u00e0","publisher":{"@id":"https:\/\/baldirivila.com\/#organization"},"inLanguage":"fr-FR"},{"@type":"Organization","@id":"https:\/\/baldirivila.com\/#organization","name":"Villa Baldiri","url":"https:\/\/baldirivila.com\/","logo":{"@type":"ImageObject","inLanguage":"fr-FR","@id":"https:\/\/baldirivila.com\/#\/schema\/logo\/image\/","url":"https:\/\/baldirivila.com\/wp-content\/uploads\/2023\/06\/favicon.png","contentUrl":"https:\/\/baldirivila.com\/wp-content\/uploads\/2023\/06\/favicon.png","width":50,"height":50,"caption":"Baldiri Vil\u00e0"},"image":{"@id":"https:\/\/baldirivila.com\/#\/schema\/logo\/image\/"},"sameAs":["https:\/\/www.facebook.com\/profile.php?id=61550965973332","https:\/\/www.instagram.com\/baldiri_vila\/"]},{"@type":"Person","@id":"https:\/\/baldirivila.com\/#\/schema\/person\/e7a4b556c9ffcf6c8bbb96cd38cb5264","name":"assisoft","image":{"@type":"ImageObject","inLanguage":"fr-FR","@id":"https:\/\/baldirivila.com\/wp-content\/litespeed\/avatar\/0ee51eaac491861c051954dde15c2d6e.jpg?ver=1788196690","url":"https:\/\/baldirivila.com\/wp-content\/litespeed\/avatar\/0ee51eaac491861c051954dde15c2d6e.jpg?ver=1788196690","contentUrl":"https:\/\/baldirivila.com\/wp-content\/litespeed\/avatar\/0ee51eaac491861c051954dde15c2d6e.jpg?ver=1788196690","caption":"assisoft"},"sameAs":["https:\/\/baldirivila.com"]}]}},"_links":{"self":[{"href":"https:\/\/baldirivila.com\/fra\/wp-json\/wp\/v2\/posts\/237","targetHints":{"allow":["GET"]}}],"collection":[{"href":"https:\/\/baldirivila.com\/fra\/wp-json\/wp\/v2\/posts"}],"about":[{"href":"https:\/\/baldirivila.com\/fra\/wp-json\/wp\/v2\/types\/post"}],"author":[{"embeddable":true,"href":"https:\/\/baldirivila.com\/fra\/wp-json\/wp\/v2\/users\/1"}],"replies":[{"embeddable":true,"href":"https:\/\/baldirivila.com\/fra\/wp-json\/wp\/v2\/comments?post=237"}],"version-history":[{"count":33,"href":"https:\/\/baldirivila.com\/fra\/wp-json\/wp\/v2\/posts\/237\/revisions"}],"predecessor-version":[{"id":1419,"href":"https:\/\/baldirivila.com\/fra\/wp-json\/wp\/v2\/posts\/237\/revisions\/1419"}],"wp:featuredmedia":[{"embeddable":true,"href":"https:\/\/baldirivila.com\/fra\/wp-json\/wp\/v2\/media\/970"}],"wp:attachment":[{"href":"https:\/\/baldirivila.com\/fra\/wp-json\/wp\/v2\/media?parent=237"}],"wp:term":[{"taxonomy":"category","embeddable":true,"href":"https:\/\/baldirivila.com\/fra\/wp-json\/wp\/v2\/categories?post=237"},{"taxonomy":"post_tag","embeddable":true,"href":"https:\/\/baldirivila.com\/fra\/wp-json\/wp\/v2\/tags?post=237"}],"curies":[{"name":"wp","href":"https:\/\/api.w.org\/{rel}","templated":true}]}}